{"id":241160,"date":"2026-01-13T19:15:54","date_gmt":"2026-01-14T02:15:54","guid":{"rendered":"https:\/\/rnoticias.com.mx\/Portal\/?p=241160"},"modified":"2026-01-13T19:15:54","modified_gmt":"2026-01-14T02:15:54","slug":"claudia-sheinbaum-explica-la-razon-detras-del-registro-de-celulares","status":"publish","type":"post","link":"https:\/\/rnoticias.com.mx\/Portal\/2026\/01\/13\/claudia-sheinbaum-explica-la-razon-detras-del-registro-de-celulares\/","title":{"rendered":"Claudia Sheinbaum explica la raz\u00f3n detr\u00e1s del registro de celulares"},"content":{"rendered":"<p>Este martes 13 de enero, la Presidenta\u00a0<a href=\"https:\/\/www.informador.mx\/claudia-sheinbaum-t10826\" target=\"_blank\" rel=\"noopener\"><strong>Claudia Sheinbaum Pardo<\/strong><\/a>\u00a0explic\u00f3 la raz\u00f3n detr\u00e1s del registro de celulares en M\u00e9xico: la Mandataria federal asegur\u00f3 que esta acci\u00f3n que ya entr\u00f3 en vigor ser\u00e1 para garantizar la seguridad, en tanto que rechaz\u00f3 que esta medida sea para vigilar a las personas.<\/p>\n<p>En su conferencia &#8220;La Ma\u00f1anera del Pueblo&#8221; de hoy en Palacio Nacional, Claudia Sheinbaum indic\u00f3 que es la propia empresa telef\u00f3nica la que hace el registro y responsable de cuidar la informaci\u00f3n.<\/p>\n<p><mark><strong>&#8220;Entonces, para todos los que tienen tel\u00e9fono celular, creo que son 158 millones, son m\u00e1s que la poblaci\u00f3n, de tel\u00e9fonos celulares en el pa\u00eds. El registro, que es muy importante para garantizar la seguridad, particularmente ahora que estamos trabajando en el tema de extorsi\u00f3n, no tiene nada que ver con vigilancia, con saber d\u00f3nde est\u00e1 la gente, nada, sino sencillamente se registran en la telef\u00f3nica&#8221;,<\/strong><\/mark>\u00a0dijo la Presidenta.<\/p>\n<p>&#8220;Y si hay un delito&#8221;, sigui\u00f3, &#8220;entonces las \u00e1reas correspondientes, de seguridad o de procuraci\u00f3n de justicia, solicitan a la telef\u00f3nica la informaci\u00f3n del tel\u00e9fono del que se cometi\u00f3 un delito.\u00a0<mark><strong>Quien guarda la informaci\u00f3n son las telef\u00f3nicas, las empresas que son due\u00f1as de la telefon\u00eda&#8221;,<\/strong><\/mark>\u00a0refiri\u00f3.<\/p>\n<p>La Presidenta insisti\u00f3 en que la autoridad solamente tiene acceso a la informaci\u00f3n si con el dispositivo m\u00f3vil se cometi\u00f3 un delito como\u00a0<a href=\"https:\/\/www.informador.mx\/extorsion-t7611\" target=\"_blank\" rel=\"noopener\"><strong>extorsi\u00f3n<\/strong><\/a> o fraude.<\/p>\n<h2>\u00bfQu\u00e9 es y hasta cu\u00e1ndo se deben registrar los celulares?<\/h2>\n<p>El registro obligatorio de l\u00edneas celulares en M\u00e9xico debe completarse entre el 9 de enero y el 30 de junio de 2026. Este tr\u00e1mite puede realizarse tanto en los centros de atenci\u00f3n a clientes como a trav\u00e9s de las plataformas digitales de las compa\u00f1\u00edas telef\u00f3nicas.<\/p>\n<p>Para efectuar el registro, los usuarios deber\u00e1n presentar su identificaci\u00f3n oficial con fotograf\u00eda y la Clave \u00danica de Registro de Poblaci\u00f3n (CURP).<\/p>\n<p>De acuerdo con la disposici\u00f3n oficial, las l\u00edneas m\u00f3viles que no hayan sido registradas ser\u00e1n suspendidas a partir del 1 de julio de 2026.<\/p>\n","protected":false},"excerpt":{"rendered":"<p>Este martes 13 de enero, la Presidenta\u00a0Claudia Sheinbaum Pardo\u00a0explic\u00f3 la raz\u00f3n detr\u00e1s del registro de celulares en M\u00e9xico: la Mandataria federal asegur\u00f3 que esta acci\u00f3n que ya entr\u00f3 en vigor ser\u00e1 para garantizar la seguridad, en tanto que rechaz\u00f3 que esta medida sea para vigilar a las personas. En su conferencia &#8220;La Ma\u00f1anera del Pueblo&#8221; [&hellip;]<\/p>\n","protected":false},"author":2,"featured_media":241161,"comment_status":"closed","ping_status":"closed","sticky":false,"template":"","format":"standard","meta":{"footnotes":""},"categories":[12870,12868],"tags":[12865,12879],"class_list":["post-241160","post","type-post","status-publish","format-standard","has-post-thumbnail","hentry","category-destacadas","category-politica","tag-destacadas","tag-politica"],"jetpack_featured_media_url":"https:\/\/rnoticias.com.mx\/Portal\/wp-content\/uploads\/2026\/01\/69667cbeacbce-1.webp","amp_enabled":true,"_links":{"self":[{"href":"https:\/\/rnoticias.com.mx\/Portal\/wp-json\/wp\/v2\/posts\/241160","targetHints":{"allow":["GET"]}}],"collection":[{"href":"https:\/\/rnoticias.com.mx\/Portal\/wp-json\/wp\/v2\/posts"}],"about":[{"href":"https:\/\/rnoticias.com.mx\/Portal\/wp-json\/wp\/v2\/types\/post"}],"author":[{"embeddable":true,"href":"https:\/\/rnoticias.com.mx\/Portal\/wp-json\/wp\/v2\/users\/2"}],"replies":[{"embeddable":true,"href":"https:\/\/rnoticias.com.mx\/Portal\/wp-json\/wp\/v2\/comments?post=241160"}],"version-history":[{"count":1,"href":"https:\/\/rnoticias.com.mx\/Portal\/wp-json\/wp\/v2\/posts\/241160\/revisions"}],"predecessor-version":[{"id":241162,"href":"https:\/\/rnoticias.com.mx\/Portal\/wp-json\/wp\/v2\/posts\/241160\/revisions\/241162"}],"wp:featuredmedia":[{"embeddable":true,"href":"https:\/\/rnoticias.com.mx\/Portal\/wp-json\/wp\/v2\/media\/241161"}],"wp:attachment":[{"href":"https:\/\/rnoticias.com.mx\/Portal\/wp-json\/wp\/v2\/media?parent=241160"}],"wp:term":[{"taxonomy":"category","embeddable":true,"href":"https:\/\/rnoticias.com.mx\/Portal\/wp-json\/wp\/v2\/categories?post=241160"},{"taxonomy":"post_tag","embeddable":true,"href":"https:\/\/rnoticias.com.mx\/Portal\/wp-json\/wp\/v2\/tags?post=241160"}],"curies":[{"name":"wp","href":"https:\/\/api.w.org\/{rel}","templated":true}]}}