{"id":241154,"date":"2026-01-13T19:09:16","date_gmt":"2026-01-14T02:09:16","guid":{"rendered":"https:\/\/rnoticias.com.mx\/Portal\/?p=241154"},"modified":"2026-01-13T19:09:16","modified_gmt":"2026-01-14T02:09:16","slug":"venezuela-libera-a-116-personas-mas-24-son-presos-politicos","status":"publish","type":"post","link":"https:\/\/rnoticias.com.mx\/Portal\/2026\/01\/13\/venezuela-libera-a-116-personas-mas-24-son-presos-politicos\/","title":{"rendered":"Venezuela libera a 116 personas m\u00e1s; 24 son presos pol\u00edticos"},"content":{"rendered":"<p>El\u00a0<strong>Ministerio para el Servicio Penitenciario<\/strong>\u00a0de\u00a0<strong>Venezuela<\/strong>\u00a0inform\u00f3 este lunes sobre 116 &#8220;nuevas excarcelaciones&#8221; en las \u00faltimas horas de personas que vincul\u00f3 con &#8220;hechos asociados a alterar el orden constitucional y atentar contra la estabilidad de la naci\u00f3n&#8221;.<\/p>\n<p>A trav\u00e9s de un comunicado, la cartera de Estado inform\u00f3 que estas acciones forman parte del seguimiento a la &#8220;revisi\u00f3n integral de causas&#8221; ordenada por el mandatario\u00a0<strong>Nicol\u00e1s Maduro<\/strong>, capturado por fuerzas de\u00a0<strong>Estados Unidos<\/strong>\u00a0el pasado 3 de enero en Venezuela, y que contin\u00faa la presidenta encargada,\u00a0<strong>Delcy Rodr\u00edguez<\/strong>.<\/p>\n<p>Asimismo, subray\u00f3 que las 116 excarcelaciones se suman a las 187 otorgadas durante el mes de diciembre de 2025, aunque en ese entonces no se public\u00f3 una lista de los nombres de las personas, por lo que ONG&#8217;s demandaron informaci\u00f3n precisa al respecto.<\/p>\n<p>A prop\u00f3sito, la\u00a0<strong>ONG Foro Penal<\/strong>\u00a0inform\u00f3 este lunes sobre la liberaci\u00f3n de al menos 24\u00a0<strong>presos pol\u00edticos<\/strong>\u00a0esta madrugada de las c\u00e1rceles venezolanas La Cris\u00e1lida y El Rodeo I, entre ellos dos de nacionalidad italiana y un hispanovenezolano.<\/p>\n","protected":false},"excerpt":{"rendered":"<p>El\u00a0Ministerio para el Servicio Penitenciario\u00a0de\u00a0Venezuela\u00a0inform\u00f3 este lunes sobre 116 &#8220;nuevas excarcelaciones&#8221; en las \u00faltimas horas de personas que vincul\u00f3 con &#8220;hechos asociados a alterar el orden constitucional y atentar contra la estabilidad de la naci\u00f3n&#8221;. A trav\u00e9s de un comunicado, la cartera de Estado inform\u00f3 que estas acciones forman parte del seguimiento a la &#8220;revisi\u00f3n [&hellip;]<\/p>\n","protected":false},"author":2,"featured_media":241155,"comment_status":"closed","ping_status":"closed","sticky":false,"template":"","format":"standard","meta":{"footnotes":""},"categories":[12870,182],"tags":[12865,12871],"class_list":["post-241154","post","type-post","status-publish","format-standard","has-post-thumbnail","hentry","category-destacadas","category-internacional","tag-destacadas","tag-internacional"],"jetpack_featured_media_url":"https:\/\/rnoticias.com.mx\/Portal\/wp-content\/uploads\/2026\/01\/1536x864_cmsv2_880a6c03-b728-58ce-a62b-a99aaae9a411-9610239.webp","amp_enabled":true,"_links":{"self":[{"href":"https:\/\/rnoticias.com.mx\/Portal\/wp-json\/wp\/v2\/posts\/241154","targetHints":{"allow":["GET"]}}],"collection":[{"href":"https:\/\/rnoticias.com.mx\/Portal\/wp-json\/wp\/v2\/posts"}],"about":[{"href":"https:\/\/rnoticias.com.mx\/Portal\/wp-json\/wp\/v2\/types\/post"}],"author":[{"embeddable":true,"href":"https:\/\/rnoticias.com.mx\/Portal\/wp-json\/wp\/v2\/users\/2"}],"replies":[{"embeddable":true,"href":"https:\/\/rnoticias.com.mx\/Portal\/wp-json\/wp\/v2\/comments?post=241154"}],"version-history":[{"count":1,"href":"https:\/\/rnoticias.com.mx\/Portal\/wp-json\/wp\/v2\/posts\/241154\/revisions"}],"predecessor-version":[{"id":241156,"href":"https:\/\/rnoticias.com.mx\/Portal\/wp-json\/wp\/v2\/posts\/241154\/revisions\/241156"}],"wp:featuredmedia":[{"embeddable":true,"href":"https:\/\/rnoticias.com.mx\/Portal\/wp-json\/wp\/v2\/media\/241155"}],"wp:attachment":[{"href":"https:\/\/rnoticias.com.mx\/Portal\/wp-json\/wp\/v2\/media?parent=241154"}],"wp:term":[{"taxonomy":"category","embeddable":true,"href":"https:\/\/rnoticias.com.mx\/Portal\/wp-json\/wp\/v2\/categories?post=241154"},{"taxonomy":"post_tag","embeddable":true,"href":"https:\/\/rnoticias.com.mx\/Portal\/wp-json\/wp\/v2\/tags?post=241154"}],"curies":[{"name":"wp","href":"https:\/\/api.w.org\/{rel}","templated":true}]}}