{"id":241139,"date":"2026-01-13T18:57:54","date_gmt":"2026-01-14T01:57:54","guid":{"rendered":"https:\/\/rnoticias.com.mx\/Portal\/?p=241139"},"modified":"2026-01-13T18:57:54","modified_gmt":"2026-01-14T01:57:54","slug":"mas-del-50-de-las-personas-con-depresion-en-mexico-no-reciben-atencion","status":"publish","type":"post","link":"https:\/\/rnoticias.com.mx\/Portal\/2026\/01\/13\/mas-del-50-de-las-personas-con-depresion-en-mexico-no-reciben-atencion\/","title":{"rendered":"M\u00e1s del 50% de las personas con depresi\u00f3n en M\u00e9xico no reciben atenci\u00f3n"},"content":{"rendered":"<p>Con motivo del\u00a0<strong>D\u00eda Mundial de la Lucha contra la Depresi\u00f3n<\/strong>, que se conmemora cada 13 de enero, el psiquiatra Alonso Morales Rivero, especialista del Centro M\u00e9dico ABC, inform\u00f3 que esta enfermedad mental afecta a m\u00e1s de 3.6 millones de mexicanos; sin embargo, en m\u00e1s de la mitad de los casos, esta condici\u00f3n no es diagnosticada ni tratada.<\/p>\n<p><mark><strong>&#8220;M\u00e1s del 50 % de las personas con depresi\u00f3n no recibe ning\u00fan tipo de atenci\u00f3n, y algunos estudios hablan de hasta un 70 % que no est\u00e1 adecuadamente tratado&#8221;<\/strong><\/mark>, indic\u00f3 el especialista.<\/p>\n<p>En una entrevista, Morales Rivero subray\u00f3 que\u00a0<strong>la depresi\u00f3n no debe confundirse con la tristeza cotidiana, ya que se trata de un trastorno cl\u00ednico que impacta de manera directa la funcionalidad de quien lo padece.<\/strong><\/p>\n<p>&#8220;La depresi\u00f3n es una enfermedad cuyos s\u00edntomas principales son el \u00e1nimo depresivo y la anhedonia, que es la p\u00e9rdida de la capacidad de experimentar placer&#8221;, explic\u00f3 Morales Rivero, quien detall\u00f3 que para su diagn\u00f3stico los s\u00edntomas deben mantenerse al menos durante 15 d\u00edas.<\/p>\n<p><mark><strong>Entre los signos m\u00e1s relevantes, el psiquiatra mencion\u00f3 alteraciones en el apetito, problemas cognitivos como dificultad para mantener la atenci\u00f3n, sentimientos persistentes de culpa o minusval\u00eda y pensamientos suicidas.<\/strong><\/mark><\/p>\n<p>&#8220;Cuando uno pierde la funcionalidad y deja de disfrutar las cosas que antes le gustaban, ya no hablamos de una emoci\u00f3n normal, sino de un trastorno&#8221;, se\u00f1al\u00f3.<\/p>\n<p>Morales Rivero enfatiz\u00f3 que la tristeza es una emoci\u00f3n b\u00e1sica y esperable ante p\u00e9rdidas o situaciones adversas, mientras que la depresi\u00f3n implica un deterioro sostenido en la vida diaria.<\/p>\n<p><strong>&#8220;No est\u00e1 mal sentirse triste; lo que marca la diferencia es cuando eso interfiere con el d\u00eda a d\u00eda&#8221;<\/strong>, apunt\u00f3.<\/p>\n<p><mark><strong>Se estima que 3.6 millones de personas adultas viven con depresi\u00f3n, con una afectaci\u00f3n significativamente mayor en mujeres, quienes presentan una prevalencia hasta tres veces superior a la de los hombres, particularmente entre los 40 y 59 a\u00f1os.<\/strong><\/mark><\/p>\n<p>Adem\u00e1s, este padecimiento ocupa el primer lugar como causa de discapacidad en mujeres mexicanas y el noveno en hombres.<\/p>\n<h2>Estigma sigue siendo barrera<\/h2>\n<p>De acuerdo con datos del<strong>\u00a0Instituto Nacional de Estad\u00edstica y Geograf\u00eda<\/strong>\u00a0(<strong>Inegi<\/strong>), m\u00e1s de 34 millones de personas han reportado sentirse deprimidas en alg\u00fan momento de su vida, pero solo una fracci\u00f3n m\u00ednima recibe atenci\u00f3n farmacol\u00f3gica o psicoterap\u00e9utica adecuada.<\/p>\n<p>Esta brecha de tratamiento incrementa el riesgo de cronificaci\u00f3n, reca\u00eddas y deterioro en la calidad de vida.<\/p>\n<p>Aunado a ello y pese a su impacto, la depresi\u00f3n sigue siendo estigmatizada, subdiagnosticada y subtratada.<\/p>\n<p><mark><strong>&#8220;Nosotros los psiquiatras y psic\u00f3logos hemos sido v\u00edctimas de una estigmatizaci\u00f3n importante. La realidad es que los tratamientos psiqui\u00e1tricos y las enfermedades psiqui\u00e1tricas siempre han estado cargadas de este velo hasta como de misticismo que genera mucha curiosidad lejos de una situaci\u00f3n de compasi\u00f3n y empat\u00eda&#8221;<\/strong><\/mark>, afirm\u00f3.<\/p>\n<p><strong>El psiquiatra explic\u00f3 que la pandemia de covid-19 agrav\u00f3 la prevalencia de la depresi\u00f3n a nivel global y que esta condici\u00f3n es m\u00e1s frecuente en adultos j\u00f3venes y en personas mayores de 65 a\u00f1os.<\/strong><\/p>\n<p>Ante este panorama, Morales Rivero llam\u00f3 a reforzar la detecci\u00f3n temprana desde el primer nivel de atenci\u00f3n m\u00e9dica y a normalizar el cuidado de la salud mental.<\/p>\n<p>&#8220;La depresi\u00f3n tiene diagn\u00f3stico, tratamiento y pron\u00f3stico, y bien manejada, a la mayor\u00eda de los pacientes les va bien&#8221;, concluy\u00f3.<\/p>\n","protected":false},"excerpt":{"rendered":"<p>Con motivo del\u00a0D\u00eda Mundial de la Lucha contra la Depresi\u00f3n, que se conmemora cada 13 de enero, el psiquiatra Alonso Morales Rivero, especialista del Centro M\u00e9dico ABC, inform\u00f3 que esta enfermedad mental afecta a m\u00e1s de 3.6 millones de mexicanos; sin embargo, en m\u00e1s de la mitad de los casos, esta condici\u00f3n no es diagnosticada [&hellip;]<\/p>\n","protected":false},"author":2,"featured_media":241140,"comment_status":"closed","ping_status":"closed","sticky":false,"template":"","format":"standard","meta":{"footnotes":""},"categories":[12870,172],"tags":[12865,12874],"class_list":["post-241139","post","type-post","status-publish","format-standard","has-post-thumbnail","hentry","category-destacadas","category-nacional","tag-destacadas","tag-nacional"],"jetpack_featured_media_url":"https:\/\/rnoticias.com.mx\/Portal\/wp-content\/uploads\/2026\/01\/aumentanansiedad-focus-0-0-1200-850.webp","amp_enabled":true,"_links":{"self":[{"href":"https:\/\/rnoticias.com.mx\/Portal\/wp-json\/wp\/v2\/posts\/241139","targetHints":{"allow":["GET"]}}],"collection":[{"href":"https:\/\/rnoticias.com.mx\/Portal\/wp-json\/wp\/v2\/posts"}],"about":[{"href":"https:\/\/rnoticias.com.mx\/Portal\/wp-json\/wp\/v2\/types\/post"}],"author":[{"embeddable":true,"href":"https:\/\/rnoticias.com.mx\/Portal\/wp-json\/wp\/v2\/users\/2"}],"replies":[{"embeddable":true,"href":"https:\/\/rnoticias.com.mx\/Portal\/wp-json\/wp\/v2\/comments?post=241139"}],"version-history":[{"count":1,"href":"https:\/\/rnoticias.com.mx\/Portal\/wp-json\/wp\/v2\/posts\/241139\/revisions"}],"predecessor-version":[{"id":241141,"href":"https:\/\/rnoticias.com.mx\/Portal\/wp-json\/wp\/v2\/posts\/241139\/revisions\/241141"}],"wp:featuredmedia":[{"embeddable":true,"href":"https:\/\/rnoticias.com.mx\/Portal\/wp-json\/wp\/v2\/media\/241140"}],"wp:attachment":[{"href":"https:\/\/rnoticias.com.mx\/Portal\/wp-json\/wp\/v2\/media?parent=241139"}],"wp:term":[{"taxonomy":"category","embeddable":true,"href":"https:\/\/rnoticias.com.mx\/Portal\/wp-json\/wp\/v2\/categories?post=241139"},{"taxonomy":"post_tag","embeddable":true,"href":"https:\/\/rnoticias.com.mx\/Portal\/wp-json\/wp\/v2\/tags?post=241139"}],"curies":[{"name":"wp","href":"https:\/\/api.w.org\/{rel}","templated":true}]}}