{"id":241127,"date":"2026-01-13T18:47:17","date_gmt":"2026-01-14T01:47:17","guid":{"rendered":"https:\/\/rnoticias.com.mx\/Portal\/?p=241127"},"modified":"2026-01-13T18:47:17","modified_gmt":"2026-01-14T01:47:17","slug":"da-unison-resultados-de-las-becas-de-exencion-de-pago-y-alimentos","status":"publish","type":"post","link":"https:\/\/rnoticias.com.mx\/Portal\/2026\/01\/13\/da-unison-resultados-de-las-becas-de-exencion-de-pago-y-alimentos\/","title":{"rendered":"Da Unison resultados de las becas de exenci\u00f3n de pago y alimentos"},"content":{"rendered":"<p>Un total de 999 estudiantes de la Universidad de Sonora fueron seleccionados en la primera convocatoria de los programas de Beca de Exenci\u00f3n por Vulnerabilidad Socioecon\u00f3mica 2026-1 y de Becas Alimenticias 2026-1, inform\u00f3 Jessica Yvette Coronado Verdugo, titular de la Direcci\u00f3n de Apoyo a Estudiantes.<\/p>\n<p>La funcionaria universitaria explic\u00f3 que ambos programas fueron presentados en diciembre pasado por la rectora Dena Mar\u00eda Camarena G\u00f3mez, abri\u00e9ndose la convocatoria en el sitio <a href=\"https:\/\/becas-socioeconomicas.unison.mx\/\">https:\/\/becas-socioeconomicas.unison.mx\/<\/a> donde los estudiantes respondieron un formulario y adjuntaron su documentaci\u00f3n.<\/p>\n<p>Coronado Verdugo inform\u00f3 que para el programa de Beca de Exenci\u00f3n por Vulnerabilidad Socioecon\u00f3mica se recibieron 1,224 solicitudes, mientras que para las becas alimenticias se registraron 513 solicitudes.<\/p>\n<p>De este total, precis\u00f3, 749 alumnos ser\u00e1n beneficiados con la exenci\u00f3n del pago de inscripci\u00f3n y colegiaturas, mientras que 250 estudiantes recibir\u00e1n el apoyo alimenticio en el comedor universitario asignado en cada campus. En este \u00faltimo programa se destina una inversi\u00f3n de dos millones de pesos.<\/p>\n<p>\u201cCaborca con 41 estudiantes que no van a realizar pago de inscripci\u00f3n y colegiaturas, Cajeme con 78, Hermosillo con 531, Navojoa son 79 estudiantes, Nogales 18 y Santa Ana son 2.<\/p>\n<p>\u201cEn el caso de las becas alimenticias el tope eran 250, son 5 de Caborca, en Cajeme 18, Hermosillo 185, Navojoa 35, Nogales 6 y Santa Ana 1\u201d, puntualiz\u00f3.<\/p>\n<p>En el caso del Programa de Becas Alimenticias 2026-1, pueden consultarse en <a href=\"https:\/\/becas-socioeconomicas.unison.mx\/\">https:\/\/becas-socioeconomicas.unison.mx\/<\/a>, mientras que los del Programa de Beca de Exenci\u00f3n por Vulnerabilidad Socioecon\u00f3mica 2026-1 est\u00e1n disponibles en <a href=\"https:\/\/becas-socioeconomicas.unison.mx\/Programa_de_Beca_de_Exencion.html\">https:\/\/becas-socioeconomicas.unison.mx\/Programa_de_Beca_de_Exencion.html<\/a><\/p>\n","protected":false},"excerpt":{"rendered":"<p>Un total de 999 estudiantes de la Universidad de Sonora fueron seleccionados en la primera convocatoria de los programas de Beca de Exenci\u00f3n por Vulnerabilidad Socioecon\u00f3mica 2026-1 y de Becas Alimenticias 2026-1, inform\u00f3 Jessica Yvette Coronado Verdugo, titular de la Direcci\u00f3n de Apoyo a Estudiantes. La funcionaria universitaria explic\u00f3 que ambos programas fueron presentados en [&hellip;]<\/p>\n","protected":false},"author":2,"featured_media":241128,"comment_status":"closed","ping_status":"closed","sticky":false,"template":"","format":"standard","meta":{"footnotes":""},"categories":[12870,178],"tags":[12865,12869],"class_list":["post-241127","post","type-post","status-publish","format-standard","has-post-thumbnail","hentry","category-destacadas","category-local","tag-destacadas","tag-local"],"jetpack_featured_media_url":"https:\/\/rnoticias.com.mx\/Portal\/wp-content\/uploads\/2026\/01\/DIRECTORA-DE-APOYO-A-ESTUDIANTES-JESSICA-YVETTE-CORONADO-VERDUGO-2.jpg","amp_enabled":true,"_links":{"self":[{"href":"https:\/\/rnoticias.com.mx\/Portal\/wp-json\/wp\/v2\/posts\/241127","targetHints":{"allow":["GET"]}}],"collection":[{"href":"https:\/\/rnoticias.com.mx\/Portal\/wp-json\/wp\/v2\/posts"}],"about":[{"href":"https:\/\/rnoticias.com.mx\/Portal\/wp-json\/wp\/v2\/types\/post"}],"author":[{"embeddable":true,"href":"https:\/\/rnoticias.com.mx\/Portal\/wp-json\/wp\/v2\/users\/2"}],"replies":[{"embeddable":true,"href":"https:\/\/rnoticias.com.mx\/Portal\/wp-json\/wp\/v2\/comments?post=241127"}],"version-history":[{"count":1,"href":"https:\/\/rnoticias.com.mx\/Portal\/wp-json\/wp\/v2\/posts\/241127\/revisions"}],"predecessor-version":[{"id":241129,"href":"https:\/\/rnoticias.com.mx\/Portal\/wp-json\/wp\/v2\/posts\/241127\/revisions\/241129"}],"wp:featuredmedia":[{"embeddable":true,"href":"https:\/\/rnoticias.com.mx\/Portal\/wp-json\/wp\/v2\/media\/241128"}],"wp:attachment":[{"href":"https:\/\/rnoticias.com.mx\/Portal\/wp-json\/wp\/v2\/media?parent=241127"}],"wp:term":[{"taxonomy":"category","embeddable":true,"href":"https:\/\/rnoticias.com.mx\/Portal\/wp-json\/wp\/v2\/categories?post=241127"},{"taxonomy":"post_tag","embeddable":true,"href":"https:\/\/rnoticias.com.mx\/Portal\/wp-json\/wp\/v2\/tags?post=241127"}],"curies":[{"name":"wp","href":"https:\/\/api.w.org\/{rel}","templated":true}]}}