{"id":241068,"date":"2026-01-13T16:44:14","date_gmt":"2026-01-13T23:44:14","guid":{"rendered":"https:\/\/rnoticias.com.mx\/Portal\/?p=241068"},"modified":"2026-01-13T16:44:14","modified_gmt":"2026-01-13T23:44:14","slug":"juez-separa-a-abogado-de-la-defensa-de-maduro-porque-no-fue-contratado-por-el","status":"publish","type":"post","link":"https:\/\/rnoticias.com.mx\/Portal\/2026\/01\/13\/juez-separa-a-abogado-de-la-defensa-de-maduro-porque-no-fue-contratado-por-el\/","title":{"rendered":"Juez separa a abogado de la defensa de Maduro porque no fue contratado por \u00e9l"},"content":{"rendered":"<p>El juez estadounidense Alvin Hellerstein orden\u00f3 este lunes apartar al abogado\u00a0<strong>Bruce Fein de la defensa del presidente venezolano, Nicol\u00e1s Maduro, en el caso que afronta en Nueva York, al se\u00f1alar que no fue contratado por el l\u00edder chavista.<\/strong><\/p>\n<p><strong>&#8220;Si Maduro quiere contratar a Fein, puede hacerlo. Fein no se puede designar \u00e9l solo como representante de Maduro&#8221;<\/strong>, indic\u00f3 el magistrado en una orden publicada hoy en el archivo del caso, en la que aprueba un reclamo del abogado principal de la defensa, Barry Pollack.<\/p>\n<p>Fein, un veterano letrado especializado en derecho constitucional, pidi\u00f3 integrarse en el caso bajo la figura legal\u00a0<strong>&#8216;pro hac vice&#8217;,<\/strong>\u00a0que permite a un abogado representar a un cliente de manera ocasional y temporal, previa aprobaci\u00f3n judicial, sin estar colegiado en la jurisdicci\u00f3n, algo necesario para ejercer.<\/p>\n<p>El jueves, Pollack dijo al juez que hab\u00eda hablado con Maduro y este le indic\u00f3 que no lo hab\u00eda contratado, por lo que lo autorizaba a reclamar que fuera apartado del caso.<\/p>\n<p>El juez indic\u00f3 hoy que Fein<strong>\u00a0&#8220;admite que no fue contratado por Maduro, ni por el abogado contratado por Maduro, ni fue designado por el tribunal&#8221; y considera que su solicitud para integrarse &#8220;no tiene base legal&#8221;.<\/strong><\/p>\n<p><strong>&#8220;Fein basa su solicitud en &#8216;informaci\u00f3n recibida&#8217; de personas que no nombre y que, seg\u00fan dice en una respuesta no jurada, est\u00e1n &#8216;cre\u00edblemente&#8217; en el &#8216;c\u00edrculo interno o familia&#8217; de Maduro&#8221;<\/strong>, argument\u00f3 Hellerstein.<\/p>\n<p>Tambi\u00e9n deniega una moci\u00f3n<strong>\u00a0&#8220;llevar a Maduro al tribunal para preguntarle &#8216;in camera&#8217; (en privado, seg\u00fan lenguaje legal) si quisiera a\u00f1adir a Fein a su equipo defensor&#8221;,<\/strong>\u00a0y que este entreg\u00f3 el viernes.<\/p>\n<p>Pollack represent\u00f3 a Maduro el 5 de enero en su primera comparecencia en un tribunal federal de Nueva York, donde fue acusado de delitos de narcotr\u00e1fico y corrupci\u00f3n, tras su captura y traslado al pa\u00eds suramericano el s\u00e1bado 3 de enero en la madrugada.<\/p>\n<p><strong>La esposa de Maduro, Cilia Flores, acusada de colaboraci\u00f3n en los delitos que se le imputan, tiene un abogado distinto, Mark Donnelly.<\/strong><\/p>\n<p>&nbsp;<\/p>\n<p>Fuente: EFE<\/p>\n","protected":false},"excerpt":{"rendered":"<p>El juez estadounidense Alvin Hellerstein orden\u00f3 este lunes apartar al abogado\u00a0Bruce Fein de la defensa del presidente venezolano, Nicol\u00e1s Maduro, en el caso que afronta en Nueva York, al se\u00f1alar que no fue contratado por el l\u00edder chavista. &#8220;Si Maduro quiere contratar a Fein, puede hacerlo. Fein no se puede designar \u00e9l solo como representante [&hellip;]<\/p>\n","protected":false},"author":2,"featured_media":241069,"comment_status":"closed","ping_status":"closed","sticky":false,"template":"","format":"standard","meta":{"footnotes":""},"categories":[12870,182],"tags":[12865,12871],"class_list":["post-241068","post","type-post","status-publish","format-standard","has-post-thumbnail","hentry","category-destacadas","category-internacional","tag-destacadas","tag-internacional"],"jetpack_featured_media_url":"https:\/\/rnoticias.com.mx\/Portal\/wp-content\/uploads\/2026\/01\/descarga-7.jpg","amp_enabled":true,"_links":{"self":[{"href":"https:\/\/rnoticias.com.mx\/Portal\/wp-json\/wp\/v2\/posts\/241068","targetHints":{"allow":["GET"]}}],"collection":[{"href":"https:\/\/rnoticias.com.mx\/Portal\/wp-json\/wp\/v2\/posts"}],"about":[{"href":"https:\/\/rnoticias.com.mx\/Portal\/wp-json\/wp\/v2\/types\/post"}],"author":[{"embeddable":true,"href":"https:\/\/rnoticias.com.mx\/Portal\/wp-json\/wp\/v2\/users\/2"}],"replies":[{"embeddable":true,"href":"https:\/\/rnoticias.com.mx\/Portal\/wp-json\/wp\/v2\/comments?post=241068"}],"version-history":[{"count":1,"href":"https:\/\/rnoticias.com.mx\/Portal\/wp-json\/wp\/v2\/posts\/241068\/revisions"}],"predecessor-version":[{"id":241070,"href":"https:\/\/rnoticias.com.mx\/Portal\/wp-json\/wp\/v2\/posts\/241068\/revisions\/241070"}],"wp:featuredmedia":[{"embeddable":true,"href":"https:\/\/rnoticias.com.mx\/Portal\/wp-json\/wp\/v2\/media\/241069"}],"wp:attachment":[{"href":"https:\/\/rnoticias.com.mx\/Portal\/wp-json\/wp\/v2\/media?parent=241068"}],"wp:term":[{"taxonomy":"category","embeddable":true,"href":"https:\/\/rnoticias.com.mx\/Portal\/wp-json\/wp\/v2\/categories?post=241068"},{"taxonomy":"post_tag","embeddable":true,"href":"https:\/\/rnoticias.com.mx\/Portal\/wp-json\/wp\/v2\/tags?post=241068"}],"curies":[{"name":"wp","href":"https:\/\/api.w.org\/{rel}","templated":true}]}}