{"id":240983,"date":"2026-01-12T20:53:29","date_gmt":"2026-01-13T03:53:29","guid":{"rendered":"https:\/\/rnoticias.com.mx\/Portal\/?p=240983"},"modified":"2026-01-12T20:53:29","modified_gmt":"2026-01-13T03:53:29","slug":"turno-matutino-finalizo-con-normalidad-en-las-escuelas-de-educacion-basica-sec","status":"publish","type":"post","link":"https:\/\/rnoticias.com.mx\/Portal\/2026\/01\/12\/turno-matutino-finalizo-con-normalidad-en-las-escuelas-de-educacion-basica-sec\/","title":{"rendered":"Turno matutino finaliz\u00f3 con normalidad en las escuelas de educaci\u00f3n b\u00e1sica: SEC"},"content":{"rendered":"<p>Hermosillo, Sonora; 12 de enero de 2026.\u2013 El desarrollo de las actividades acad\u00e9micas se llev\u00f3 a cabo con normalidad durante el turno matutino, de acuerdo con los planes y programas de estudio, gracias al compromiso y esfuerzo de docentes, directivos y comunidad escolar en general, destac\u00f3 el Gobierno de Sonora a trav\u00e9s de la Secretar\u00eda de Educaci\u00f3n y Cultura (SEC).<\/p>\n<p>De manera gradual, entre las 12:00 y 13:30 horas culminaron las labores del primer turno en los planteles de preescolar, especial, primaria y secundaria, para dar paso a las actividades vespertinas, que se estima continuar\u00e1n con orden y tranquilidad.<\/p>\n<p>El titular de la SEC, Froyl\u00e1n G\u00e1mez Gamboa, destac\u00f3 que personas de diversas \u00e1reas mantienen, desde el inicio de la jornada, comunicaci\u00f3n con la estructura educativa para monitorear y verificar que las clases se lleven a cabo sin contratiempos, en beneficio del alumnado.<\/p>\n<p>Asimismo, agradeci\u00f3 el profesionalismo de los m\u00e1s de 22 mil docentes de educaci\u00f3n b\u00e1sica quienes se sumaron al impulso de programas y estrategias para consolidar la transformaci\u00f3n y mejora de la ense\u00f1anza.<\/p>\n<p>Adem\u00e1s, refrend\u00f3 el compromiso del gobernador Alfonso Durazo de continuar la implementaci\u00f3n de acciones positivas, productivas y efectivas, que influyan en el bienestar estudiantes, docentes y padres de familia, a trav\u00e9s de la educaci\u00f3n.<\/p>\n","protected":false},"excerpt":{"rendered":"<p>Hermosillo, Sonora; 12 de enero de 2026.\u2013 El desarrollo de las actividades acad\u00e9micas se llev\u00f3 a cabo con normalidad durante el turno matutino, de acuerdo con los planes y programas de estudio, gracias al compromiso y esfuerzo de docentes, directivos y comunidad escolar en general, destac\u00f3 el Gobierno de Sonora a trav\u00e9s de la Secretar\u00eda [&hellip;]<\/p>\n","protected":false},"author":2,"featured_media":240985,"comment_status":"closed","ping_status":"closed","sticky":false,"template":"","format":"standard","meta":{"footnotes":""},"categories":[178],"tags":[12869],"class_list":["post-240983","post","type-post","status-publish","format-standard","has-post-thumbnail","hentry","category-local","tag-local"],"jetpack_featured_media_url":"https:\/\/rnoticias.com.mx\/Portal\/wp-content\/uploads\/2026\/01\/unnamed-32.jpg","amp_enabled":true,"_links":{"self":[{"href":"https:\/\/rnoticias.com.mx\/Portal\/wp-json\/wp\/v2\/posts\/240983","targetHints":{"allow":["GET"]}}],"collection":[{"href":"https:\/\/rnoticias.com.mx\/Portal\/wp-json\/wp\/v2\/posts"}],"about":[{"href":"https:\/\/rnoticias.com.mx\/Portal\/wp-json\/wp\/v2\/types\/post"}],"author":[{"embeddable":true,"href":"https:\/\/rnoticias.com.mx\/Portal\/wp-json\/wp\/v2\/users\/2"}],"replies":[{"embeddable":true,"href":"https:\/\/rnoticias.com.mx\/Portal\/wp-json\/wp\/v2\/comments?post=240983"}],"version-history":[{"count":1,"href":"https:\/\/rnoticias.com.mx\/Portal\/wp-json\/wp\/v2\/posts\/240983\/revisions"}],"predecessor-version":[{"id":240986,"href":"https:\/\/rnoticias.com.mx\/Portal\/wp-json\/wp\/v2\/posts\/240983\/revisions\/240986"}],"wp:featuredmedia":[{"embeddable":true,"href":"https:\/\/rnoticias.com.mx\/Portal\/wp-json\/wp\/v2\/media\/240985"}],"wp:attachment":[{"href":"https:\/\/rnoticias.com.mx\/Portal\/wp-json\/wp\/v2\/media?parent=240983"}],"wp:term":[{"taxonomy":"category","embeddable":true,"href":"https:\/\/rnoticias.com.mx\/Portal\/wp-json\/wp\/v2\/categories?post=240983"},{"taxonomy":"post_tag","embeddable":true,"href":"https:\/\/rnoticias.com.mx\/Portal\/wp-json\/wp\/v2\/tags?post=240983"}],"curies":[{"name":"wp","href":"https:\/\/api.w.org\/{rel}","templated":true}]}}