{"id":240934,"date":"2026-01-12T17:08:19","date_gmt":"2026-01-13T00:08:19","guid":{"rendered":"https:\/\/rnoticias.com.mx\/Portal\/?p=240934"},"modified":"2026-01-12T17:08:19","modified_gmt":"2026-01-13T00:08:19","slug":"ee-uu-revoco-100-mil-visas-en-2025-mas-del-doble-que-el-ano-anterior","status":"publish","type":"post","link":"https:\/\/rnoticias.com.mx\/Portal\/2026\/01\/12\/ee-uu-revoco-100-mil-visas-en-2025-mas-del-doble-que-el-ano-anterior\/","title":{"rendered":"EE.UU. revoc\u00f3 100 mil visas en 2025, m\u00e1s del doble que el a\u00f1o anterior"},"content":{"rendered":"<p>La Administraci\u00f3n del presidente estadounidense,\u00a0<strong>Donald Trump<\/strong>, revoc\u00f3 unas 100 mil\u00a0<strong>visas<\/strong>\u00a0extranjeras en\u00a0<strong>2025<\/strong>, m\u00e1s del doble de las revocadas el a\u00f1o anterior durante el Gobierno del expresidente\u00a0<strong>Joe Biden<\/strong>, inform\u00f3 este lunes el\u00a0<strong>Departamento de Estado<\/strong>.<\/p>\n<p>Esta cifra incluye &#8220;unos 8.000 visados ??de estudiante y 2.500 visados ??especializados para personas que tuvieron encuentros con las fuerzas de seguridad de\u00a0<strong>EE.UU.<\/strong>\u00a0por actividades delictivas&#8221;, indic\u00f3 esa entidad en X. &#8220;Seguiremos deportando a estos delincuentes para mantener la seguridad de Estados Unidos&#8221;, advirti\u00f3 el Departamento de Estado en su mensaje.<\/p>\n<p>En 2024 fueron revocadas unas 40.000 visas, report\u00f3 la cadena FoxNews.<\/p>\n<p>Desde su regreso a la Casa Blanca en enero de 2025, Trump ha recrudecido su\u00a0<strong>pol\u00edtica antimigratoria<\/strong>\u00a0con el aumento de\u00a0<strong>redadas<\/strong>, deportaciones y el endurecimiento de los requisitos para que ciudadanos extranjeros obtengan permisos de viaje y estancia en el pa\u00eds.<\/p>\n<p>&nbsp;<\/p>\n<p>Fuente: EFE<\/p>\n","protected":false},"excerpt":{"rendered":"<p>La Administraci\u00f3n del presidente estadounidense,\u00a0Donald Trump, revoc\u00f3 unas 100 mil\u00a0visas\u00a0extranjeras en\u00a02025, m\u00e1s del doble de las revocadas el a\u00f1o anterior durante el Gobierno del expresidente\u00a0Joe Biden, inform\u00f3 este lunes el\u00a0Departamento de Estado. Esta cifra incluye &#8220;unos 8.000 visados ??de estudiante y 2.500 visados ??especializados para personas que tuvieron encuentros con las fuerzas de seguridad de\u00a0EE.UU.\u00a0por [&hellip;]<\/p>\n","protected":false},"author":2,"featured_media":240935,"comment_status":"closed","ping_status":"closed","sticky":false,"template":"","format":"standard","meta":{"footnotes":""},"categories":[12870,182],"tags":[12865,12871],"class_list":["post-240934","post","type-post","status-publish","format-standard","has-post-thumbnail","hentry","category-destacadas","category-internacional","tag-destacadas","tag-internacional"],"jetpack_featured_media_url":"https:\/\/rnoticias.com.mx\/Portal\/wp-content\/uploads\/2026\/01\/visas_trabajo_principal_-696x392-1.jpg","amp_enabled":true,"_links":{"self":[{"href":"https:\/\/rnoticias.com.mx\/Portal\/wp-json\/wp\/v2\/posts\/240934","targetHints":{"allow":["GET"]}}],"collection":[{"href":"https:\/\/rnoticias.com.mx\/Portal\/wp-json\/wp\/v2\/posts"}],"about":[{"href":"https:\/\/rnoticias.com.mx\/Portal\/wp-json\/wp\/v2\/types\/post"}],"author":[{"embeddable":true,"href":"https:\/\/rnoticias.com.mx\/Portal\/wp-json\/wp\/v2\/users\/2"}],"replies":[{"embeddable":true,"href":"https:\/\/rnoticias.com.mx\/Portal\/wp-json\/wp\/v2\/comments?post=240934"}],"version-history":[{"count":1,"href":"https:\/\/rnoticias.com.mx\/Portal\/wp-json\/wp\/v2\/posts\/240934\/revisions"}],"predecessor-version":[{"id":240936,"href":"https:\/\/rnoticias.com.mx\/Portal\/wp-json\/wp\/v2\/posts\/240934\/revisions\/240936"}],"wp:featuredmedia":[{"embeddable":true,"href":"https:\/\/rnoticias.com.mx\/Portal\/wp-json\/wp\/v2\/media\/240935"}],"wp:attachment":[{"href":"https:\/\/rnoticias.com.mx\/Portal\/wp-json\/wp\/v2\/media?parent=240934"}],"wp:term":[{"taxonomy":"category","embeddable":true,"href":"https:\/\/rnoticias.com.mx\/Portal\/wp-json\/wp\/v2\/categories?post=240934"},{"taxonomy":"post_tag","embeddable":true,"href":"https:\/\/rnoticias.com.mx\/Portal\/wp-json\/wp\/v2\/tags?post=240934"}],"curies":[{"name":"wp","href":"https:\/\/api.w.org\/{rel}","templated":true}]}}