{"id":240931,"date":"2026-01-12T17:04:48","date_gmt":"2026-01-13T00:04:48","guid":{"rendered":"https:\/\/rnoticias.com.mx\/Portal\/?p=240931"},"modified":"2026-01-12T17:04:48","modified_gmt":"2026-01-13T00:04:48","slug":"se-declara-listo-hermosillo-para-el-festival-del-globo","status":"publish","type":"post","link":"https:\/\/rnoticias.com.mx\/Portal\/2026\/01\/12\/se-declara-listo-hermosillo-para-el-festival-del-globo\/","title":{"rendered":"Se declara listo Hermosillo para el Festival del Globo"},"content":{"rendered":"<p>Hermosillo, Sonora. La ciudad se alista para recibir a miles de visitantes con la realizaci\u00f3n del Cuarto Festival del Globo, que se llevar\u00e1 a cabo del 16 al 18 de enero y que proyecta una asistencia mayor a las 50 mil personas.<\/p>\n<p>&nbsp;<\/p>\n<p>Fernanda Cisneros Rodr\u00edguez, titular de Desarrollo Tur\u00edstico Municipal, inform\u00f3 que el evento busca impulsar el turismo y la convivencia familiar a trav\u00e9s de un programa ampliado que, por primera vez, se desarrollar\u00e1 durante tres d\u00edas.<\/p>\n<p>&nbsp;<\/p>\n<p>\u201cHabr\u00e1 m\u00e1s de 20 globos aerost\u00e1ticos surcando el cielo hermosillense, incluidos globos con figuras especiales inspiradas en personajes populares, pensados para atraer al p\u00fablico infantil\u201d, mencion\u00f3.<\/p>\n<p>&nbsp;<\/p>\n<p>Explic\u00f3, que las actividades se concentrar\u00e1n en el estacionamiento de Expogan y en Econatura, espacios clave para el crecimiento del festival.<\/p>\n<p>&nbsp;<\/p>\n<p>A\u00f1adi\u00f3, que la agenda contempla la tradicional Noche M\u00e1gica, un corredor gastron\u00f3mico con m\u00e1s de 30 comerciantes, espect\u00e1culos art\u00edsticos y el concierto gratuito de Moenia.<\/p>\n<p>&nbsp;<\/p>\n<p>\u201cComo atractivo adicional, el domingo se presentar\u00e1 un show de drones y se realizar\u00e1n vuelos libres para apreciar el despegue de los globos, consolidando al festival como uno de los eventos m\u00e1s esperados del a\u00f1o\u201d, finaliz\u00f3.<\/p>\n<p>&nbsp;<\/p>\n","protected":false},"excerpt":{"rendered":"<p>Hermosillo, Sonora. La ciudad se alista para recibir a miles de visitantes con la realizaci\u00f3n del Cuarto Festival del Globo, que se llevar\u00e1 a cabo del 16 al 18 de enero y que proyecta una asistencia mayor a las 50 mil personas. &nbsp; Fernanda Cisneros Rodr\u00edguez, titular de Desarrollo Tur\u00edstico Municipal, inform\u00f3 que el evento [&hellip;]<\/p>\n","protected":false},"author":2,"featured_media":240932,"comment_status":"closed","ping_status":"closed","sticky":false,"template":"","format":"standard","meta":{"footnotes":""},"categories":[12870,178],"tags":[12865,12869],"class_list":["post-240931","post","type-post","status-publish","format-standard","has-post-thumbnail","hentry","category-destacadas","category-local","tag-destacadas","tag-local"],"jetpack_featured_media_url":"https:\/\/rnoticias.com.mx\/Portal\/wp-content\/uploads\/2026\/01\/4944965714297597124-1-1024x768-1.jpg","amp_enabled":true,"_links":{"self":[{"href":"https:\/\/rnoticias.com.mx\/Portal\/wp-json\/wp\/v2\/posts\/240931","targetHints":{"allow":["GET"]}}],"collection":[{"href":"https:\/\/rnoticias.com.mx\/Portal\/wp-json\/wp\/v2\/posts"}],"about":[{"href":"https:\/\/rnoticias.com.mx\/Portal\/wp-json\/wp\/v2\/types\/post"}],"author":[{"embeddable":true,"href":"https:\/\/rnoticias.com.mx\/Portal\/wp-json\/wp\/v2\/users\/2"}],"replies":[{"embeddable":true,"href":"https:\/\/rnoticias.com.mx\/Portal\/wp-json\/wp\/v2\/comments?post=240931"}],"version-history":[{"count":1,"href":"https:\/\/rnoticias.com.mx\/Portal\/wp-json\/wp\/v2\/posts\/240931\/revisions"}],"predecessor-version":[{"id":240933,"href":"https:\/\/rnoticias.com.mx\/Portal\/wp-json\/wp\/v2\/posts\/240931\/revisions\/240933"}],"wp:featuredmedia":[{"embeddable":true,"href":"https:\/\/rnoticias.com.mx\/Portal\/wp-json\/wp\/v2\/media\/240932"}],"wp:attachment":[{"href":"https:\/\/rnoticias.com.mx\/Portal\/wp-json\/wp\/v2\/media?parent=240931"}],"wp:term":[{"taxonomy":"category","embeddable":true,"href":"https:\/\/rnoticias.com.mx\/Portal\/wp-json\/wp\/v2\/categories?post=240931"},{"taxonomy":"post_tag","embeddable":true,"href":"https:\/\/rnoticias.com.mx\/Portal\/wp-json\/wp\/v2\/tags?post=240931"}],"curies":[{"name":"wp","href":"https:\/\/api.w.org\/{rel}","templated":true}]}}