{"id":240928,"date":"2026-01-12T17:00:37","date_gmt":"2026-01-13T00:00:37","guid":{"rendered":"https:\/\/rnoticias.com.mx\/Portal\/?p=240928"},"modified":"2026-01-12T17:00:37","modified_gmt":"2026-01-13T00:00:37","slug":"quedo-descartada-accion-militar-de-eu-en-mexico-sheinbaum-tras-llamada-con-trump","status":"publish","type":"post","link":"https:\/\/rnoticias.com.mx\/Portal\/2026\/01\/12\/quedo-descartada-accion-militar-de-eu-en-mexico-sheinbaum-tras-llamada-con-trump\/","title":{"rendered":"Qued\u00f3 &#8220;descartada&#8221; acci\u00f3n militar de EU en M\u00e9xico: Sheinbaum, tras llamada con Trump"},"content":{"rendered":"<p>Luego de haber sostenido una llamada con su hom\u00f3logo estadounidense, Donald Trump, esta ma\u00f1ana la Presidenta Claudia Sheinbaum Pardo afirm\u00f3 que qued\u00f3 &#8220;descartada&#8221; la intervenci\u00f3n militar de Estados Unidos en territorio mexicano.<\/p>\n<p><mark><strong>Preguntada durante su conferencia de prensa matutina sobre si tras la conversaci\u00f3n que sostuvo este lunes con Trump quedaba \u201cdescartada\u201d la intervenci\u00f3n, la gobernante mexicana enfatiz\u00f3 que \u201cs\u00ed\u201d.<\/strong><\/mark><\/p>\n<p>\u201cQued\u00f3 muy claro en la conversaci\u00f3n que hay colaboraci\u00f3n, coordinaci\u00f3n y que seguimos trabajando conjuntamente en ese marco\u201d, asever\u00f3.<\/p>\n<p><mark><strong>La Mandataria explic\u00f3 que una de las motivaciones que la llev\u00f3 a buscar la conversaci\u00f3n con su hom\u00f3logo estadounidense fue que \u201ctres veces (Trump) hab\u00eda declarado que le interesar\u00eda tener m\u00e1s participaci\u00f3n en la seguridad en M\u00e9xico\u201d.<\/strong><\/mark><\/p>\n<p>En ese sentido, dijo que siempre es positivo buscar un di\u00e1logo, en vez de solamente comunicarse a trav\u00e9s de medios de comunicaci\u00f3n o la comunicaci\u00f3n p\u00fablica.<\/p>\n<p><strong>&#8220;Es mejor hablar por tel\u00e9fono. Adem\u00e1s, hay un antecedente de trabajo conjunto, entonces por eso solicitamos la llamada\u201d<\/strong>, explic\u00f3 Sheinbaum.<\/p>\n<p>Asimismo, apunt\u00f3 que \u201cen alg\u00fan momento\u201d se volver\u00e1 a buscar una nueva llamada \u201cporque lo que queremos es que haya comunicaci\u00f3n, que haya di\u00e1logo, que tengamos entendimiento. Eso siempre lo hemos manifestado\u201d.<\/p>\n<p><mark><strong>Respecto a si M\u00e9xico aceptar\u00eda adoptar el t\u00e9rmino \u201cnarcoterrorismo\u201d para justificar acciones unilaterales en territorio mexicano, Sheinbaum subray\u00f3 su desacuerdo.<\/strong><\/mark><\/p>\n<p>\u201cNuestra Constituci\u00f3n y nuestras leyes hablan de terrorismo en otro sentido. La delincuencia organizada no puede catalogarse como terrorismo, terrorismo tiene que ver directamente con acciones que tengan que ver contra el gobierno, dichas y otros esquemas. Entonces, no est\u00e1 en el marco de nuestra legislaci\u00f3n llamarle as\u00ed\u201d, se\u00f1al\u00f3.<\/p>\n<p>No obstante, insisti\u00f3 en que pese a no estar de acuerdo en muchos temas, M\u00e9xico quiere llevar una \u201cbuena relaci\u00f3n\u201d con Estados Unidos.<\/p>\n<p><strong>\u201cSomos vecinos, porque somos socios comerciales y porque tenemos que buscar siempre un buen entendimiento sin violar nuestros principios, que son muy claros y que siempre los vamos a mantener\u201d<\/strong>, concluy\u00f3.<\/p>\n<p>Se trata de la primera conversaci\u00f3n entre Sheinbaum y Trump desde que el mandatario estadounidense amenazara con ataques terrestres a M\u00e9xico contra los c\u00e1rteles que, seg\u00fan \u00e9l, gobiernan el pa\u00eds vecino, y a poco m\u00e1s de una semana de la intervenci\u00f3n militar de Washington en Venezuela, donde se captur\u00f3 al presidente Nicol\u00e1s Maduro y su esposa, Cilia Flores, acusados de narcotr\u00e1fico entre otros delitos en Nueva York.<\/p>\n","protected":false},"excerpt":{"rendered":"<p>Luego de haber sostenido una llamada con su hom\u00f3logo estadounidense, Donald Trump, esta ma\u00f1ana la Presidenta Claudia Sheinbaum Pardo afirm\u00f3 que qued\u00f3 &#8220;descartada&#8221; la intervenci\u00f3n militar de Estados Unidos en territorio mexicano. Preguntada durante su conferencia de prensa matutina sobre si tras la conversaci\u00f3n que sostuvo este lunes con Trump quedaba \u201cdescartada\u201d la intervenci\u00f3n, la [&hellip;]<\/p>\n","protected":false},"author":2,"featured_media":240929,"comment_status":"closed","ping_status":"closed","sticky":false,"template":"","format":"standard","meta":{"footnotes":""},"categories":[12870,12868],"tags":[12865,12879],"class_list":["post-240928","post","type-post","status-publish","format-standard","has-post-thumbnail","hentry","category-destacadas","category-politica","tag-destacadas","tag-politica"],"jetpack_featured_media_url":"https:\/\/rnoticias.com.mx\/Portal\/wp-content\/uploads\/2026\/01\/K6LZ6B4C4FH23C3XRK7GM7K5K4.webp","amp_enabled":true,"_links":{"self":[{"href":"https:\/\/rnoticias.com.mx\/Portal\/wp-json\/wp\/v2\/posts\/240928","targetHints":{"allow":["GET"]}}],"collection":[{"href":"https:\/\/rnoticias.com.mx\/Portal\/wp-json\/wp\/v2\/posts"}],"about":[{"href":"https:\/\/rnoticias.com.mx\/Portal\/wp-json\/wp\/v2\/types\/post"}],"author":[{"embeddable":true,"href":"https:\/\/rnoticias.com.mx\/Portal\/wp-json\/wp\/v2\/users\/2"}],"replies":[{"embeddable":true,"href":"https:\/\/rnoticias.com.mx\/Portal\/wp-json\/wp\/v2\/comments?post=240928"}],"version-history":[{"count":1,"href":"https:\/\/rnoticias.com.mx\/Portal\/wp-json\/wp\/v2\/posts\/240928\/revisions"}],"predecessor-version":[{"id":240930,"href":"https:\/\/rnoticias.com.mx\/Portal\/wp-json\/wp\/v2\/posts\/240928\/revisions\/240930"}],"wp:featuredmedia":[{"embeddable":true,"href":"https:\/\/rnoticias.com.mx\/Portal\/wp-json\/wp\/v2\/media\/240929"}],"wp:attachment":[{"href":"https:\/\/rnoticias.com.mx\/Portal\/wp-json\/wp\/v2\/media?parent=240928"}],"wp:term":[{"taxonomy":"category","embeddable":true,"href":"https:\/\/rnoticias.com.mx\/Portal\/wp-json\/wp\/v2\/categories?post=240928"},{"taxonomy":"post_tag","embeddable":true,"href":"https:\/\/rnoticias.com.mx\/Portal\/wp-json\/wp\/v2\/tags?post=240928"}],"curies":[{"name":"wp","href":"https:\/\/api.w.org\/{rel}","templated":true}]}}