{"id":240922,"date":"2026-01-12T16:57:41","date_gmt":"2026-01-12T23:57:41","guid":{"rendered":"https:\/\/rnoticias.com.mx\/Portal\/?p=240922"},"modified":"2026-01-12T16:57:41","modified_gmt":"2026-01-12T23:57:41","slug":"lebron-james-lucira-un-parche-conmemorativo-por-su-23a-temporada-en-la-nba","status":"publish","type":"post","link":"https:\/\/rnoticias.com.mx\/Portal\/2026\/01\/12\/lebron-james-lucira-un-parche-conmemorativo-por-su-23a-temporada-en-la-nba\/","title":{"rendered":"LeBron James lucir\u00e1 un parche conmemorativo por su 23\u00aa temporada en la NBA"},"content":{"rendered":"<p>LeBron James lucir\u00e1 desde este lunes y hasta el t\u00e9rmino de la temporada un<strong>\u00a0parche en su camiseta que conmemorar\u00e1 su 23\u00aa temporada en la NBA,\u00a0<\/strong>y que posteriormente ser\u00e1 insertado en tarjetas coleccionables que saldr\u00e1n a la venta.<\/p>\n<p><strong>&#8220;LeBron James usar\u00e1 un parche de camiseta de la temporada 23 de edici\u00f3n especial a partir de esta noche en Sacramento,<\/strong>\u00a0la ciudad donde comenz\u00f3 su legendaria carrera en 2003&#8243;, inform\u00f3 hoy en un comunicado la empresa de coleccionables Topps.<\/p>\n<p>&#8220;Los parches se retirar\u00e1n de su camiseta despu\u00e9s de cada encuentro y algunos se colocar\u00e1n en tarjetas coleccionables ultra raras&#8221;, agreg\u00f3.<\/p>\n<p><strong>El parche est\u00e1 dividido en cuatro colores,<\/strong>\u00a0que hacen referencia al paso de James por Cleveland Cavaliers, Miami Heat, su regreso a los Cavaliers y, por \u00faltimo, su marcha a Los Angeles Lakers.<\/p>\n<p>En ellos tambi\u00e9n figura el n\u00famero 23, por las temporadas que el jugador lleva en activo, y se observa la silueta de James con los brazos alzados, a imagen de la ceremonia que realiza antes de cada partido cuando lanza magnesio al aire.<\/p>\n<p>James, de 41 a\u00f1os, no ser\u00e1 el \u00fanico jugador de la NBA que porte uno de estos parches. Desde esta temporada, cada uno de los novatos de la NBA viste un parche con la palabra &#8220;NBA Debut&#8221; durante su primer partido en la liga, y los ganadores de los premios MVP, Novato del A\u00f1o y Mejor Defensor de la pasada temporada tambi\u00e9n visten un parche conmemorativo.<\/p>\n<p>&nbsp;<\/p>\n<p>&nbsp;<\/p>\n<p>Fuente: EFE<\/p>\n","protected":false},"excerpt":{"rendered":"<p>LeBron James lucir\u00e1 desde este lunes y hasta el t\u00e9rmino de la temporada un\u00a0parche en su camiseta que conmemorar\u00e1 su 23\u00aa temporada en la NBA,\u00a0y que posteriormente ser\u00e1 insertado en tarjetas coleccionables que saldr\u00e1n a la venta. &#8220;LeBron James usar\u00e1 un parche de camiseta de la temporada 23 de edici\u00f3n especial a partir de esta [&hellip;]<\/p>\n","protected":false},"author":2,"featured_media":240923,"comment_status":"closed","ping_status":"closed","sticky":false,"template":"","format":"standard","meta":{"footnotes":""},"categories":[188,12870],"tags":[5231,12865],"class_list":["post-240922","post","type-post","status-publish","format-standard","has-post-thumbnail","hentry","category-deportes","category-destacadas","tag-deportes","tag-destacadas"],"jetpack_featured_media_url":"https:\/\/rnoticias.com.mx\/Portal\/wp-content\/uploads\/2026\/01\/JQXOQUMO6JEVRFFMGQS375ARYM.jpg","amp_enabled":true,"_links":{"self":[{"href":"https:\/\/rnoticias.com.mx\/Portal\/wp-json\/wp\/v2\/posts\/240922","targetHints":{"allow":["GET"]}}],"collection":[{"href":"https:\/\/rnoticias.com.mx\/Portal\/wp-json\/wp\/v2\/posts"}],"about":[{"href":"https:\/\/rnoticias.com.mx\/Portal\/wp-json\/wp\/v2\/types\/post"}],"author":[{"embeddable":true,"href":"https:\/\/rnoticias.com.mx\/Portal\/wp-json\/wp\/v2\/users\/2"}],"replies":[{"embeddable":true,"href":"https:\/\/rnoticias.com.mx\/Portal\/wp-json\/wp\/v2\/comments?post=240922"}],"version-history":[{"count":1,"href":"https:\/\/rnoticias.com.mx\/Portal\/wp-json\/wp\/v2\/posts\/240922\/revisions"}],"predecessor-version":[{"id":240924,"href":"https:\/\/rnoticias.com.mx\/Portal\/wp-json\/wp\/v2\/posts\/240922\/revisions\/240924"}],"wp:featuredmedia":[{"embeddable":true,"href":"https:\/\/rnoticias.com.mx\/Portal\/wp-json\/wp\/v2\/media\/240923"}],"wp:attachment":[{"href":"https:\/\/rnoticias.com.mx\/Portal\/wp-json\/wp\/v2\/media?parent=240922"}],"wp:term":[{"taxonomy":"category","embeddable":true,"href":"https:\/\/rnoticias.com.mx\/Portal\/wp-json\/wp\/v2\/categories?post=240922"},{"taxonomy":"post_tag","embeddable":true,"href":"https:\/\/rnoticias.com.mx\/Portal\/wp-json\/wp\/v2\/tags?post=240922"}],"curies":[{"name":"wp","href":"https:\/\/api.w.org\/{rel}","templated":true}]}}