{"id":240913,"date":"2026-01-12T16:53:50","date_gmt":"2026-01-12T23:53:50","guid":{"rendered":"https:\/\/rnoticias.com.mx\/Portal\/?p=240913"},"modified":"2026-01-12T16:53:50","modified_gmt":"2026-01-12T23:53:50","slug":"segunda-tormenta-invernal-genera-vientos-y-ligero-aumento-de-temperaturas-en-sonora","status":"publish","type":"post","link":"https:\/\/rnoticias.com.mx\/Portal\/2026\/01\/12\/segunda-tormenta-invernal-genera-vientos-y-ligero-aumento-de-temperaturas-en-sonora\/","title":{"rendered":"Segunda tormenta invernal genera vientos y ligero aumento de temperaturas en Sonora"},"content":{"rendered":"<p>&nbsp;<\/p>\n<p>La segunda tormenta invernal contin\u00faa afectando al estado de Sonora, principalmente con rachas de viento que oscilar\u00e1n entre los 40 y 60 kil\u00f3metros por hora en gran parte del territorio, inform\u00f3 Gilberto Lagarda V\u00e1zquez.<\/p>\n<p>&nbsp;<\/p>\n<p>El especialista t\u00e9cnico de la Comisi\u00f3n Nacional del Agua (Conagua) en Sonora, mencion\u00f3 que ese sistema tambi\u00e9n mantiene una baja probabilidad de lluvias para el sur del estado, especialmente en la zona serrana, donde apenas se prev\u00e9 un 30 por ciento de posibilidad, con lloviznas dispersas y aisladas.<\/p>\n<p>&nbsp;<\/p>\n<p>\u201cY para el resto de la\u00a0semana pues tendremos cielos despejados la mayor parte ya a partir del d\u00eda de ma\u00f1ana que una vez\u00a0que este sistema abandone el estado de Sonora. En cuestiones de temperatura pues hemos estado\u00a0experimentando ya un ligero incremento en las mismas debido ya a que se debilit\u00f3 la masa de\u00a0fr\u00edo que acompa\u00f1a al frente n\u00famero 27\u201d, se\u00f1al\u00f3.<\/p>\n<p>&nbsp;<\/p>\n<p>En el caso de las temperaturas m\u00e1ximas, dijo se mantendr\u00e1n entre los 30 grados cent\u00edgrados para la zona centro sur y noroeste y las m\u00ednimas entre los menos 5 a los 10 grados cent\u00edgrados para la zona norte y oriente del estado Sonora.<\/p>\n<p>&nbsp;<\/p>\n","protected":false},"excerpt":{"rendered":"<p>&nbsp; La segunda tormenta invernal contin\u00faa afectando al estado de Sonora, principalmente con rachas de viento que oscilar\u00e1n entre los 40 y 60 kil\u00f3metros por hora en gran parte del territorio, inform\u00f3 Gilberto Lagarda V\u00e1zquez. &nbsp; El especialista t\u00e9cnico de la Comisi\u00f3n Nacional del Agua (Conagua) en Sonora, mencion\u00f3 que ese sistema tambi\u00e9n mantiene una [&hellip;]<\/p>\n","protected":false},"author":2,"featured_media":240914,"comment_status":"closed","ping_status":"closed","sticky":false,"template":"","format":"standard","meta":{"footnotes":""},"categories":[12870,174,178],"tags":[12865,12873,12869],"class_list":["post-240913","post","type-post","status-publish","format-standard","has-post-thumbnail","hentry","category-destacadas","category-estatal","category-local","tag-destacadas","tag-estatal","tag-local"],"jetpack_featured_media_url":"https:\/\/rnoticias.com.mx\/Portal\/wp-content\/uploads\/2026\/01\/frio-este-miercoles-cdmx-mexico-temperaturas-e1736359874426.jpeg","amp_enabled":true,"_links":{"self":[{"href":"https:\/\/rnoticias.com.mx\/Portal\/wp-json\/wp\/v2\/posts\/240913","targetHints":{"allow":["GET"]}}],"collection":[{"href":"https:\/\/rnoticias.com.mx\/Portal\/wp-json\/wp\/v2\/posts"}],"about":[{"href":"https:\/\/rnoticias.com.mx\/Portal\/wp-json\/wp\/v2\/types\/post"}],"author":[{"embeddable":true,"href":"https:\/\/rnoticias.com.mx\/Portal\/wp-json\/wp\/v2\/users\/2"}],"replies":[{"embeddable":true,"href":"https:\/\/rnoticias.com.mx\/Portal\/wp-json\/wp\/v2\/comments?post=240913"}],"version-history":[{"count":1,"href":"https:\/\/rnoticias.com.mx\/Portal\/wp-json\/wp\/v2\/posts\/240913\/revisions"}],"predecessor-version":[{"id":240915,"href":"https:\/\/rnoticias.com.mx\/Portal\/wp-json\/wp\/v2\/posts\/240913\/revisions\/240915"}],"wp:featuredmedia":[{"embeddable":true,"href":"https:\/\/rnoticias.com.mx\/Portal\/wp-json\/wp\/v2\/media\/240914"}],"wp:attachment":[{"href":"https:\/\/rnoticias.com.mx\/Portal\/wp-json\/wp\/v2\/media?parent=240913"}],"wp:term":[{"taxonomy":"category","embeddable":true,"href":"https:\/\/rnoticias.com.mx\/Portal\/wp-json\/wp\/v2\/categories?post=240913"},{"taxonomy":"post_tag","embeddable":true,"href":"https:\/\/rnoticias.com.mx\/Portal\/wp-json\/wp\/v2\/tags?post=240913"}],"curies":[{"name":"wp","href":"https:\/\/api.w.org\/{rel}","templated":true}]}}