{"id":240807,"date":"2026-01-11T21:46:40","date_gmt":"2026-01-12T04:46:40","guid":{"rendered":"https:\/\/rnoticias.com.mx\/Portal\/?p=240807"},"modified":"2026-01-11T21:46:40","modified_gmt":"2026-01-12T04:46:40","slug":"convoca-imca-al-xxiv-premio-nacional-de-poesia-alonso-vidal","status":"publish","type":"post","link":"https:\/\/rnoticias.com.mx\/Portal\/2026\/01\/11\/convoca-imca-al-xxiv-premio-nacional-de-poesia-alonso-vidal\/","title":{"rendered":"Convoca IMCA al XXIV Premio Nacional de Poes\u00eda Alonso Vidal"},"content":{"rendered":"<p>Hermosillo, Sonora, 11 de enero, 2026.-Con el objetivo de impulsar la producci\u00f3n po\u00e9tica y fortalecer su difusi\u00f3n a nivel nacional, el Ayuntamiento de Hermosillo a trav\u00e9s del Instituto Municipal de Cultura (IMCA), convoca al XXIV Premio Nacional de Poes\u00eda Alonso Vidal.<\/p>\n<p>La convocatoria est\u00e1 dirigida a poetas de origen mexicano o que acrediten su residencia en el pa\u00eds por un periodo m\u00ednimo de cinco a\u00f1os, quienes podr\u00e1n participar con un poemario in\u00e9dito en espa\u00f1ol, de tem\u00e1tica y forma libre, con una extensi\u00f3n m\u00ednima de 60 cuartillas y m\u00e1xima de 80.<\/p>\n<p>Marianna Gonz\u00e1lez Gast\u00e9lum, Directora General del IMCA destac\u00f3 la importancia de este concurso, que busca impulsar y difundir la creaci\u00f3n po\u00e9tica en el municipio y en el pa\u00eds, a trav\u00e9s de un premio nacional impulsado desde un gobierno municipal.<\/p>\n<p>Mencion\u00f3 que en esta edici\u00f3n hay un incremento en el est\u00edmulo, \u201cel premio consistir\u00e1 en 100 mil pesos y la publicaci\u00f3n de la obra participante en coedici\u00f3n con una editorial nacional\u201d.<\/p>\n<p>Los trabajos deber\u00e1n enviarse a la Biblioteca P\u00fablica Municipal Rafael V. Meneses, con direcci\u00f3n en avenida Tabasco 57, entre Garmendia e Israel Gonz\u00e1lez, colonia Modelo, C.P. 83190 en Hermosillo, Sonora; con atenci\u00f3n al XXIV Premio Nacional de Poes\u00eda Alonso Vidal.<\/p>\n<p>La convocatoria cierra el 15 de enero de 2026 y se encuentra disponible en https:\/\/imca.hermosillo.gob.mx<\/p>\n","protected":false},"excerpt":{"rendered":"<p>Hermosillo, Sonora, 11 de enero, 2026.-Con el objetivo de impulsar la producci\u00f3n po\u00e9tica y fortalecer su difusi\u00f3n a nivel nacional, el Ayuntamiento de Hermosillo a trav\u00e9s del Instituto Municipal de Cultura (IMCA), convoca al XXIV Premio Nacional de Poes\u00eda Alonso Vidal. La convocatoria est\u00e1 dirigida a poetas de origen mexicano o que acrediten su residencia [&hellip;]<\/p>\n","protected":false},"author":2,"featured_media":240808,"comment_status":"closed","ping_status":"closed","sticky":false,"template":"","format":"standard","meta":{"footnotes":""},"categories":[12870,178],"tags":[12865,12869],"class_list":["post-240807","post","type-post","status-publish","format-standard","has-post-thumbnail","hentry","category-destacadas","category-local","tag-destacadas","tag-local"],"jetpack_featured_media_url":"https:\/\/rnoticias.com.mx\/Portal\/wp-content\/uploads\/2026\/01\/77.jpg","amp_enabled":true,"_links":{"self":[{"href":"https:\/\/rnoticias.com.mx\/Portal\/wp-json\/wp\/v2\/posts\/240807","targetHints":{"allow":["GET"]}}],"collection":[{"href":"https:\/\/rnoticias.com.mx\/Portal\/wp-json\/wp\/v2\/posts"}],"about":[{"href":"https:\/\/rnoticias.com.mx\/Portal\/wp-json\/wp\/v2\/types\/post"}],"author":[{"embeddable":true,"href":"https:\/\/rnoticias.com.mx\/Portal\/wp-json\/wp\/v2\/users\/2"}],"replies":[{"embeddable":true,"href":"https:\/\/rnoticias.com.mx\/Portal\/wp-json\/wp\/v2\/comments?post=240807"}],"version-history":[{"count":1,"href":"https:\/\/rnoticias.com.mx\/Portal\/wp-json\/wp\/v2\/posts\/240807\/revisions"}],"predecessor-version":[{"id":240809,"href":"https:\/\/rnoticias.com.mx\/Portal\/wp-json\/wp\/v2\/posts\/240807\/revisions\/240809"}],"wp:featuredmedia":[{"embeddable":true,"href":"https:\/\/rnoticias.com.mx\/Portal\/wp-json\/wp\/v2\/media\/240808"}],"wp:attachment":[{"href":"https:\/\/rnoticias.com.mx\/Portal\/wp-json\/wp\/v2\/media?parent=240807"}],"wp:term":[{"taxonomy":"category","embeddable":true,"href":"https:\/\/rnoticias.com.mx\/Portal\/wp-json\/wp\/v2\/categories?post=240807"},{"taxonomy":"post_tag","embeddable":true,"href":"https:\/\/rnoticias.com.mx\/Portal\/wp-json\/wp\/v2\/tags?post=240807"}],"curies":[{"name":"wp","href":"https:\/\/api.w.org\/{rel}","templated":true}]}}