{"id":240756,"date":"2026-01-09T21:08:16","date_gmt":"2026-01-10T04:08:16","guid":{"rendered":"https:\/\/rnoticias.com.mx\/Portal\/?p=240756"},"modified":"2026-01-09T21:08:16","modified_gmt":"2026-01-10T04:08:16","slug":"detienen-ilegalmente-en-nuevo-leon-al-director-general-de-vanguardia","status":"publish","type":"post","link":"https:\/\/rnoticias.com.mx\/Portal\/2026\/01\/09\/detienen-ilegalmente-en-nuevo-leon-al-director-general-de-vanguardia\/","title":{"rendered":"Detienen ilegalmente en Nuevo Le\u00f3n al director general de Vanguardia"},"content":{"rendered":"<p>La\u00a0<strong>Sociedad Interamericana de Prensa<\/strong>\u00a0reclam\u00f3 la liberaci\u00f3n inmediata del director general de Grupo Vanguardia,\u00a0<strong>Armando Castilla Galindo,<\/strong>\u00a0acusando que su detenci\u00f3n fue una acci\u00f3n arbitraria e ilegal.<\/p>\n<p>Tambi\u00e9n exigi\u00f3 el respeto pleno a las garant\u00edas legales y a la libertad de prensa.<\/p>\n<p><mark><strong>De acuerdo con el diario Vanguardia, la ma\u00f1ana de este viernes fue detenido Castilla Galindo en el aeropuerto de Monterrey por elementos de la fiscal\u00eda de Nuevo Le\u00f3n, con apoyo de la Guardia Nacional.<\/strong><\/mark><\/p>\n<p>La causa fue, supuestamente, no haberse presentado a una orden de notificaci\u00f3n del Ministerio P\u00fablico.<\/p>\n<p>&#8220;Se trata de una acci\u00f3n orquestada,\u00a0<strong>pues la aprehensi\u00f3n ocurre en la ciudad de Monterrey y no en Saltillo, donde el director es residente,\u00a0<\/strong><mark><strong>lo que refleja la vigilancia constante que mantiene el poder ante el director<\/strong>&#8220;<\/mark>, se\u00f1al\u00f3 el medio al reportar el caso.<\/p>\n<p>Tambi\u00e9n inform\u00f3 que no ha recibido notificaci\u00f3n oficial sobre las causas legales de la detenci\u00f3n, ni sobre la situaci\u00f3n jur\u00eddica actual de su director general.\u00a0<strong>Tampoco se ha precisado si exist\u00eda una orden judicial al momento del operativo.<\/strong><\/p>\n<p>&#8220;Esta acci\u00f3n demuestra una vez m\u00e1s que la libertad de prensa es un obst\u00e1culo para quienes ostentan el poder pol\u00edtico, el cual, a trav\u00e9s del acoso judicial, trata de intimidar el ejercicio period\u00edstico&#8221;, indic\u00f3 Vanguardia.<\/p>\n<p>&#8220;El director Armando Castilla Galindo y Grupo Vanguardia se han convertido en un objetivo directo de las m\u00e1s altas esferas del poder pol\u00edtico, y es por ello que,\u00a0<mark><strong>frente a un ataque judicial coordinado, el \u00fanico camino es la verdad&#8221;,<\/strong><\/mark>\u00a0agreg\u00f3.<\/p>\n<p><strong>,<\/strong>\u00a0acusando que su detenci\u00f3n fue una acci\u00f3n arbitraria e ilegal.<\/p>\n<p>Tambi\u00e9n exigi\u00f3 el respeto pleno a las garant\u00edas legales y a la libertad de prensa.<\/p>\n<p><mark><strong>De acuerdo con el diario Vanguardia, la ma\u00f1ana de este viernes fue detenido Castilla Galindo en el aeropuerto de Monterrey por elementos de la fiscal\u00eda de Nuevo Le\u00f3n, con apoyo de la Guardia Nacional.<\/strong><\/mark><\/p>\n<p>La causa fue, supuestamente, no haberse presentado a una orden de notificaci\u00f3n del Ministerio P\u00fablico.<\/p>\n<p>&#8220;Se trata de una acci\u00f3n orquestada,\u00a0<strong>pues la aprehensi\u00f3n ocurre en la ciudad de Monterrey y no en Saltillo, donde el director es residente,\u00a0<\/strong><mark><strong>lo que refleja la vigilancia constante que mantiene el poder ante el director<\/strong>&#8220;<\/mark>, se\u00f1al\u00f3 el medio al reportar el caso.<\/p>\n<p>Tambi\u00e9n inform\u00f3 que no ha recibido notificaci\u00f3n oficial sobre las causas legales de la detenci\u00f3n, ni sobre la situaci\u00f3n jur\u00eddica actual de su director general.\u00a0<strong>Tampoco se ha precisado si exist\u00eda una orden judicial al momento del operativo.<\/strong><\/p>\n<p>&#8220;Esta acci\u00f3n demuestra una vez m\u00e1s que la libertad de prensa es un obst\u00e1culo para quienes ostentan el poder pol\u00edtico, el cual, a trav\u00e9s del acoso judicial, trata de intimidar el ejercicio period\u00edstico&#8221;, indic\u00f3 Vanguardia.<\/p>\n<p>&#8220;El director Armando Castilla Galindo y Grupo Vanguardia se han convertido en un objetivo directo de las m\u00e1s altas esferas del poder pol\u00edtico, y es por ello que,\u00a0<mark><strong>frente a un ataque judicial coordinado, el \u00fanico camino es la verdad&#8221;,<\/strong><\/mark>\u00a0agreg\u00f3.<\/p>\n","protected":false},"excerpt":{"rendered":"<p>La\u00a0Sociedad Interamericana de Prensa\u00a0reclam\u00f3 la liberaci\u00f3n inmediata del director general de Grupo Vanguardia,\u00a0Armando Castilla Galindo,\u00a0acusando que su detenci\u00f3n fue una acci\u00f3n arbitraria e ilegal. Tambi\u00e9n exigi\u00f3 el respeto pleno a las garant\u00edas legales y a la libertad de prensa. De acuerdo con el diario Vanguardia, la ma\u00f1ana de este viernes fue detenido Castilla Galindo en [&hellip;]<\/p>\n","protected":false},"author":2,"featured_media":240757,"comment_status":"closed","ping_status":"closed","sticky":false,"template":"","format":"standard","meta":{"footnotes":""},"categories":[12870,172],"tags":[12865,12874],"class_list":["post-240756","post","type-post","status-publish","format-standard","has-post-thumbnail","hentry","category-destacadas","category-nacional","tag-destacadas","tag-nacional"],"jetpack_featured_media_url":"https:\/\/rnoticias.com.mx\/Portal\/wp-content\/uploads\/2026\/01\/f618x335-331065_360658_5632.webp","amp_enabled":true,"_links":{"self":[{"href":"https:\/\/rnoticias.com.mx\/Portal\/wp-json\/wp\/v2\/posts\/240756","targetHints":{"allow":["GET"]}}],"collection":[{"href":"https:\/\/rnoticias.com.mx\/Portal\/wp-json\/wp\/v2\/posts"}],"about":[{"href":"https:\/\/rnoticias.com.mx\/Portal\/wp-json\/wp\/v2\/types\/post"}],"author":[{"embeddable":true,"href":"https:\/\/rnoticias.com.mx\/Portal\/wp-json\/wp\/v2\/users\/2"}],"replies":[{"embeddable":true,"href":"https:\/\/rnoticias.com.mx\/Portal\/wp-json\/wp\/v2\/comments?post=240756"}],"version-history":[{"count":1,"href":"https:\/\/rnoticias.com.mx\/Portal\/wp-json\/wp\/v2\/posts\/240756\/revisions"}],"predecessor-version":[{"id":240758,"href":"https:\/\/rnoticias.com.mx\/Portal\/wp-json\/wp\/v2\/posts\/240756\/revisions\/240758"}],"wp:featuredmedia":[{"embeddable":true,"href":"https:\/\/rnoticias.com.mx\/Portal\/wp-json\/wp\/v2\/media\/240757"}],"wp:attachment":[{"href":"https:\/\/rnoticias.com.mx\/Portal\/wp-json\/wp\/v2\/media?parent=240756"}],"wp:term":[{"taxonomy":"category","embeddable":true,"href":"https:\/\/rnoticias.com.mx\/Portal\/wp-json\/wp\/v2\/categories?post=240756"},{"taxonomy":"post_tag","embeddable":true,"href":"https:\/\/rnoticias.com.mx\/Portal\/wp-json\/wp\/v2\/tags?post=240756"}],"curies":[{"name":"wp","href":"https:\/\/api.w.org\/{rel}","templated":true}]}}