{"id":240741,"date":"2026-01-09T18:48:59","date_gmt":"2026-01-10T01:48:59","guid":{"rendered":"https:\/\/rnoticias.com.mx\/Portal\/?p=240741"},"modified":"2026-01-09T18:48:59","modified_gmt":"2026-01-10T01:48:59","slug":"investigan-en-chiapas-caso-de-nina-de-13-anos-que-dio-a-luz-buscan-al-padre-del-bebe","status":"publish","type":"post","link":"https:\/\/rnoticias.com.mx\/Portal\/2026\/01\/09\/investigan-en-chiapas-caso-de-nina-de-13-anos-que-dio-a-luz-buscan-al-padre-del-bebe\/","title":{"rendered":"Investigan en Chiapas caso de ni\u00f1a de 13 a\u00f1os que dio a luz; buscan al padre del beb\u00e9"},"content":{"rendered":"<p>Una ni\u00f1a de tan solo 13 a\u00f1os de edad dio a luz en\u00a0<strong>Chiapas<\/strong>\u00a0provoc\u00e1ndole problemas graves de salud, por lo que la\u00a0<strong>Fiscal\u00eda General del Estado<\/strong>\u00a0(FGE) inici\u00f3 una carpeta de investigaci\u00f3n y la b\u00fasqueda del padre del reci\u00e9n nacido, quien tambi\u00e9n ser\u00eda un menor de edad.<\/p>\n<p>La menor lleg\u00f3 al\u00a0<strong>Hospital de las Culturas<\/strong>\u00a0en\u00a0<strong>San Crist\u00f3bal de las Casas<\/strong>, por contagio de\u00a0<strong>sarampi\u00f3n<\/strong>, en compa\u00f1\u00eda de quien se identific\u00f3 como su \u201cesposo\u201d y pap\u00e1 del beb\u00e9, y dijo tener 17 a\u00f1os. Sin embargo, mientras la menor era atendida, el joven escap\u00f3 del lugar.<\/p>\n<p>La fiscal\u00eda estatal inform\u00f3 que la ni\u00f1a se encuentra estable luego de que su estado de salud fue grave, pues sufri\u00f3 da\u00f1os y lesiones en \u00f3rganos y tejidos por el parto. Actualmente se encuentra en el\u00a0<strong>Hospital de La Mujer<\/strong>\u00a0de la ciudad.<\/p>\n<p>Indic\u00f3 que la menor y su pareja viven con el consentimiento de sus respectivos padres y no existe ninguna\u00a0<strong>denuncia<\/strong>\u00a0por parte de los familiares por presunta violaci\u00f3n o\u00a0<strong>abuso sexual<\/strong>\u00a0en contra de la ni\u00f1a.<\/p>\n<p>&nbsp;<\/p>\n<p>Fuente: N+<\/p>\n","protected":false},"excerpt":{"rendered":"<p>Una ni\u00f1a de tan solo 13 a\u00f1os de edad dio a luz en\u00a0Chiapas\u00a0provoc\u00e1ndole problemas graves de salud, por lo que la\u00a0Fiscal\u00eda General del Estado\u00a0(FGE) inici\u00f3 una carpeta de investigaci\u00f3n y la b\u00fasqueda del padre del reci\u00e9n nacido, quien tambi\u00e9n ser\u00eda un menor de edad. La menor lleg\u00f3 al\u00a0Hospital de las Culturas\u00a0en\u00a0San Crist\u00f3bal de las Casas, [&hellip;]<\/p>\n","protected":false},"author":2,"featured_media":240742,"comment_status":"closed","ping_status":"closed","sticky":false,"template":"","format":"standard","meta":{"footnotes":""},"categories":[12870,172],"tags":[12865,12874],"class_list":["post-240741","post","type-post","status-publish","format-standard","has-post-thumbnail","hentry","category-destacadas","category-nacional","tag-destacadas","tag-nacional"],"jetpack_featured_media_url":"https:\/\/rnoticias.com.mx\/Portal\/wp-content\/uploads\/2026\/01\/13.jpg","amp_enabled":true,"_links":{"self":[{"href":"https:\/\/rnoticias.com.mx\/Portal\/wp-json\/wp\/v2\/posts\/240741","targetHints":{"allow":["GET"]}}],"collection":[{"href":"https:\/\/rnoticias.com.mx\/Portal\/wp-json\/wp\/v2\/posts"}],"about":[{"href":"https:\/\/rnoticias.com.mx\/Portal\/wp-json\/wp\/v2\/types\/post"}],"author":[{"embeddable":true,"href":"https:\/\/rnoticias.com.mx\/Portal\/wp-json\/wp\/v2\/users\/2"}],"replies":[{"embeddable":true,"href":"https:\/\/rnoticias.com.mx\/Portal\/wp-json\/wp\/v2\/comments?post=240741"}],"version-history":[{"count":1,"href":"https:\/\/rnoticias.com.mx\/Portal\/wp-json\/wp\/v2\/posts\/240741\/revisions"}],"predecessor-version":[{"id":240743,"href":"https:\/\/rnoticias.com.mx\/Portal\/wp-json\/wp\/v2\/posts\/240741\/revisions\/240743"}],"wp:featuredmedia":[{"embeddable":true,"href":"https:\/\/rnoticias.com.mx\/Portal\/wp-json\/wp\/v2\/media\/240742"}],"wp:attachment":[{"href":"https:\/\/rnoticias.com.mx\/Portal\/wp-json\/wp\/v2\/media?parent=240741"}],"wp:term":[{"taxonomy":"category","embeddable":true,"href":"https:\/\/rnoticias.com.mx\/Portal\/wp-json\/wp\/v2\/categories?post=240741"},{"taxonomy":"post_tag","embeddable":true,"href":"https:\/\/rnoticias.com.mx\/Portal\/wp-json\/wp\/v2\/tags?post=240741"}],"curies":[{"name":"wp","href":"https:\/\/api.w.org\/{rel}","templated":true}]}}