{"id":240738,"date":"2026-01-09T18:47:35","date_gmt":"2026-01-10T01:47:35","guid":{"rendered":"https:\/\/rnoticias.com.mx\/Portal\/?p=240738"},"modified":"2026-01-09T18:47:35","modified_gmt":"2026-01-10T01:47:35","slug":"fgjes-obtiene-prision-preventiva-contra-imputado-por-feminicidio-en-puerto-penasco","status":"publish","type":"post","link":"https:\/\/rnoticias.com.mx\/Portal\/2026\/01\/09\/fgjes-obtiene-prision-preventiva-contra-imputado-por-feminicidio-en-puerto-penasco\/","title":{"rendered":"FGJES obtiene prisi\u00f3n preventiva contra imputado por feminicidio en Puerto Pe\u00f1asco"},"content":{"rendered":"<p>Puerto Pe\u00f1asco, Sonora, 9 de enero de 2026.- La Fiscal\u00eda General de Justicia del Estado de Sonora (FGJES) informa que se llev\u00f3 a cabo la audiencia de reanudaci\u00f3n del proceso penal derivado de la ejecuci\u00f3n de una orden de aprehensi\u00f3n en contra de Ezequiel \u201cN\u201d, imputado por los delitos de feminicidio y contra las leyes de inhumaci\u00f3n y exhumaci\u00f3n, en concurso real.<\/p>\n<p>Durante la audiencia, el Ministerio P\u00fablico formul\u00f3 imputaci\u00f3n por hechos ocurridos entre la noche del 15 de diciembre y la ma\u00f1ana del 16 de diciembre de 2025, en un domicilio ubicado en la colonia Nuevo Pe\u00f1asco, en el municipio de Puerto Pe\u00f1asco.<\/p>\n<p>De acuerdo con la investigaci\u00f3n, el imputado presuntamente agredi\u00f3 f\u00edsicamente a la v\u00edctima, con quien manten\u00eda una relaci\u00f3n de hecho, caus\u00e1ndole un traumatismo craneoencef\u00e1lico severo, lesi\u00f3n que provoc\u00f3 su fallecimiento. Posteriormente, el cuerpo de la v\u00edctima habr\u00eda sido inhumado de manera clandestina en el patio del domicilio.<\/p>\n<p>Como parte de la investigaci\u00f3n se realiz\u00f3 una diligencia de cateo autorizada por autoridad judicial en la cual se localiz\u00f3 el cuerpo sin vida de una persona del sexo femenino en el patio posterior de un inmueble.<\/p>\n<p>El imputado se acogi\u00f3 a la ampliaci\u00f3n del t\u00e9rmino constitucional de 144 horas y como medida cautelar, el Juez impuso prisi\u00f3n preventiva justificada, al considerar el riesgo procesal y la gravedad de los hechos.<\/p>\n<p>La FGJES reitera su compromiso de investigar y sancionar con firmeza los delitos de violencia contra las mujeres, garantizando el acceso a la justicia y el respeto a los derechos de las v\u00edctimas y sus familias.<\/p>\n","protected":false},"excerpt":{"rendered":"<p>Puerto Pe\u00f1asco, Sonora, 9 de enero de 2026.- La Fiscal\u00eda General de Justicia del Estado de Sonora (FGJES) informa que se llev\u00f3 a cabo la audiencia de reanudaci\u00f3n del proceso penal derivado de la ejecuci\u00f3n de una orden de aprehensi\u00f3n en contra de Ezequiel \u201cN\u201d, imputado por los delitos de feminicidio y contra las leyes [&hellip;]<\/p>\n","protected":false},"author":2,"featured_media":240739,"comment_status":"closed","ping_status":"closed","sticky":false,"template":"","format":"standard","meta":{"footnotes":""},"categories":[12870,174],"tags":[12865,12873],"class_list":["post-240738","post","type-post","status-publish","format-standard","has-post-thumbnail","hentry","category-destacadas","category-estatal","tag-destacadas","tag-estatal"],"jetpack_featured_media_url":"https:\/\/rnoticias.com.mx\/Portal\/wp-content\/uploads\/2026\/01\/34-1.jpg","amp_enabled":true,"_links":{"self":[{"href":"https:\/\/rnoticias.com.mx\/Portal\/wp-json\/wp\/v2\/posts\/240738","targetHints":{"allow":["GET"]}}],"collection":[{"href":"https:\/\/rnoticias.com.mx\/Portal\/wp-json\/wp\/v2\/posts"}],"about":[{"href":"https:\/\/rnoticias.com.mx\/Portal\/wp-json\/wp\/v2\/types\/post"}],"author":[{"embeddable":true,"href":"https:\/\/rnoticias.com.mx\/Portal\/wp-json\/wp\/v2\/users\/2"}],"replies":[{"embeddable":true,"href":"https:\/\/rnoticias.com.mx\/Portal\/wp-json\/wp\/v2\/comments?post=240738"}],"version-history":[{"count":1,"href":"https:\/\/rnoticias.com.mx\/Portal\/wp-json\/wp\/v2\/posts\/240738\/revisions"}],"predecessor-version":[{"id":240740,"href":"https:\/\/rnoticias.com.mx\/Portal\/wp-json\/wp\/v2\/posts\/240738\/revisions\/240740"}],"wp:featuredmedia":[{"embeddable":true,"href":"https:\/\/rnoticias.com.mx\/Portal\/wp-json\/wp\/v2\/media\/240739"}],"wp:attachment":[{"href":"https:\/\/rnoticias.com.mx\/Portal\/wp-json\/wp\/v2\/media?parent=240738"}],"wp:term":[{"taxonomy":"category","embeddable":true,"href":"https:\/\/rnoticias.com.mx\/Portal\/wp-json\/wp\/v2\/categories?post=240738"},{"taxonomy":"post_tag","embeddable":true,"href":"https:\/\/rnoticias.com.mx\/Portal\/wp-json\/wp\/v2\/tags?post=240738"}],"curies":[{"name":"wp","href":"https:\/\/api.w.org\/{rel}","templated":true}]}}