{"id":240716,"date":"2026-01-09T18:24:49","date_gmt":"2026-01-10T01:24:49","guid":{"rendered":"https:\/\/rnoticias.com.mx\/Portal\/?p=240716"},"modified":"2026-01-09T18:24:49","modified_gmt":"2026-01-10T01:24:49","slug":"fgr-alista-reforma-para-una-reestructura-integral-fortalecera-delegaciones-estatales","status":"publish","type":"post","link":"https:\/\/rnoticias.com.mx\/Portal\/2026\/01\/09\/fgr-alista-reforma-para-una-reestructura-integral-fortalecera-delegaciones-estatales\/","title":{"rendered":"FGR alista reforma para una reestructura integral; fortalecer\u00e1 delegaciones estatales"},"content":{"rendered":"<p>La\u00a0<strong>Fiscal\u00eda General de la Rep\u00fablica\u00a0<a title=\"\" href=\"https:\/\/fgr.org.mx\/\">(FGR)<\/a><\/strong>\u00a0prepara una\u00a0<strong>reforma profunda para una reestructura integral interna<\/strong>, inform\u00f3 la presidenta\u00a0<strong>Claudia Sheinbaum Pardo<\/strong>, quien explic\u00f3 que este proceso es la raz\u00f3n por la cual\u00a0<strong>Ernestina Godoy<\/strong>, pr\u00f3xima titular del organismo,\u00a0<strong>a\u00fan no se ha incorporado al Gabinete de Seguridad<\/strong>.<\/p>\n<p>Durante su conferencia, la mandataria se\u00f1al\u00f3 que la reforma se encuentra en fase de dise\u00f1o y contempla\u00a0<strong>cambios estructurales de fondo<\/strong>, entre ellos el\u00a0<strong>fortalecimiento de las delegaciones estatales de la FGR<\/strong>, con el objetivo de mejorar la capacidad operativa y de investigaci\u00f3n en todo el pa\u00eds.<\/p>\n<blockquote class=\"wp-block-quote is-layout-flow wp-block-quote-is-layout-flow\"><p>\u201cLa Fiscal\u00eda est\u00e1 preparando una reforma importante en su estructura, un plan integral, y por eso Ernestina Godoy no se ha incorporado todav\u00eda de lleno al Gabinete de Seguridad\u201d, explic\u00f3 Sheinbaum.<\/p><\/blockquote>\n<h3 class=\"wp-block-heading\">Fortalecer la presencia de la FGR en los estados, eje central de la reforma<\/h3>\n<p>De acuerdo con la presidenta, uno de los principales ejes de la reestructura ser\u00e1\u00a0<strong>reforzar las fiscal\u00edas federales en las entidades<\/strong>, con mayor coordinaci\u00f3n institucional, mejores capacidades t\u00e9cnicas y un modelo de actuaci\u00f3n m\u00e1s cercano a los territorios donde se registran los delitos.<\/p>\n<p>La reforma buscar\u00e1 tambi\u00e9n mejorar los\u00a0<strong>mecanismos internos de operaci\u00f3n<\/strong>, agilizar procesos y fortalecer la colaboraci\u00f3n entre la FGR, las fuerzas de seguridad federales y las fiscal\u00edas estatales.<\/p>\n<h3 class=\"wp-block-heading\">Informe nacional sobre personas desaparecidas, en proceso de integraci\u00f3n<\/h3>\n<p>En el mismo encuentro, Sheinbaum reiter\u00f3 que\u00a0<strong>pr\u00f3ximamente se presentar\u00e1 el informe nacional sobre personas desaparecidas en M\u00e9xico<\/strong>, el cual se encuentra en etapa de integraci\u00f3n y verificaci\u00f3n de datos.<\/p>\n<p>Explic\u00f3 que el documento se construye a partir de\u00a0<strong>denuncias formales<\/strong>, con el objetivo de determinar:<\/p>\n<ul class=\"wp-block-list\">\n<li>Cu\u00e1ntas\u00a0<strong>carpetas de investigaci\u00f3n<\/strong>\u00a0est\u00e1n abiertas<\/li>\n<li>En qu\u00e9 casos las denuncias\u00a0<strong>carecen de informaci\u00f3n suficiente<\/strong><\/li>\n<li>Qu\u00e9 acciones adicionales se requieren para avanzar en la localizaci\u00f3n de personas<\/li>\n<\/ul>\n<h3 class=\"wp-block-heading\">Estrategia nacional para atender desapariciones en 48 horas<\/h3>\n<p>La presidenta subray\u00f3 que la atenci\u00f3n a las desapariciones forma parte de la\u00a0<strong>Estrategia Nacional de Seguridad<\/strong>, la cual busca fortalecer la\u00a0<strong>coordinaci\u00f3n entre dependencias federales<\/strong>, la FGR, el\u00a0<strong>Poder Judicial Federal<\/strong>, gobiernos estatales, corporaciones policiacas y fiscal\u00edas locales.<\/p>\n<p>Asimismo, destac\u00f3 el papel de la\u00a0<strong>Secretar\u00eda de Gobernaci\u00f3n<\/strong>, que ha mantenido di\u00e1logo permanente con\u00a0<strong>colectivos de familiares de personas desaparecidas<\/strong>, con el fin de integrarlos en las acciones institucionales.<\/p>\n<p>Sheinbaum afirm\u00f3 que el objetivo del gobierno federal es\u00a0<strong>atender las denuncias por desaparici\u00f3n en un plazo m\u00e1ximo de 48 horas<\/strong>, para mejorar la capacidad de respuesta y aumentar las probabilidades de localizaci\u00f3n.<\/p>\n<blockquote class=\"wp-block-quote is-layout-flow wp-block-quote-is-layout-flow\"><p>\u201cEstamos trabajando con los colectivos y las instituciones para actuar de manera inmediata, coordinada y eficaz frente a las desapariciones\u201d, puntualiz\u00f3.<\/p><\/blockquote>\n","protected":false},"excerpt":{"rendered":"<p>La\u00a0Fiscal\u00eda General de la Rep\u00fablica\u00a0(FGR)\u00a0prepara una\u00a0reforma profunda para una reestructura integral interna, inform\u00f3 la presidenta\u00a0Claudia Sheinbaum Pardo, quien explic\u00f3 que este proceso es la raz\u00f3n por la cual\u00a0Ernestina Godoy, pr\u00f3xima titular del organismo,\u00a0a\u00fan no se ha incorporado al Gabinete de Seguridad. Durante su conferencia, la mandataria se\u00f1al\u00f3 que la reforma se encuentra en fase de [&hellip;]<\/p>\n","protected":false},"author":2,"featured_media":240717,"comment_status":"closed","ping_status":"closed","sticky":false,"template":"","format":"standard","meta":{"footnotes":""},"categories":[12868],"tags":[12879],"class_list":["post-240716","post","type-post","status-publish","format-standard","has-post-thumbnail","hentry","category-politica","tag-politica"],"jetpack_featured_media_url":"https:\/\/rnoticias.com.mx\/Portal\/wp-content\/uploads\/2026\/01\/6929ff0fd9e44-1068x601-1.webp","amp_enabled":true,"_links":{"self":[{"href":"https:\/\/rnoticias.com.mx\/Portal\/wp-json\/wp\/v2\/posts\/240716","targetHints":{"allow":["GET"]}}],"collection":[{"href":"https:\/\/rnoticias.com.mx\/Portal\/wp-json\/wp\/v2\/posts"}],"about":[{"href":"https:\/\/rnoticias.com.mx\/Portal\/wp-json\/wp\/v2\/types\/post"}],"author":[{"embeddable":true,"href":"https:\/\/rnoticias.com.mx\/Portal\/wp-json\/wp\/v2\/users\/2"}],"replies":[{"embeddable":true,"href":"https:\/\/rnoticias.com.mx\/Portal\/wp-json\/wp\/v2\/comments?post=240716"}],"version-history":[{"count":1,"href":"https:\/\/rnoticias.com.mx\/Portal\/wp-json\/wp\/v2\/posts\/240716\/revisions"}],"predecessor-version":[{"id":240718,"href":"https:\/\/rnoticias.com.mx\/Portal\/wp-json\/wp\/v2\/posts\/240716\/revisions\/240718"}],"wp:featuredmedia":[{"embeddable":true,"href":"https:\/\/rnoticias.com.mx\/Portal\/wp-json\/wp\/v2\/media\/240717"}],"wp:attachment":[{"href":"https:\/\/rnoticias.com.mx\/Portal\/wp-json\/wp\/v2\/media?parent=240716"}],"wp:term":[{"taxonomy":"category","embeddable":true,"href":"https:\/\/rnoticias.com.mx\/Portal\/wp-json\/wp\/v2\/categories?post=240716"},{"taxonomy":"post_tag","embeddable":true,"href":"https:\/\/rnoticias.com.mx\/Portal\/wp-json\/wp\/v2\/tags?post=240716"}],"curies":[{"name":"wp","href":"https:\/\/api.w.org\/{rel}","templated":true}]}}