{"id":240561,"date":"2026-01-07T23:43:25","date_gmt":"2026-01-08T06:43:25","guid":{"rendered":"https:\/\/rnoticias.com.mx\/Portal\/?p=240561"},"modified":"2026-01-07T23:44:15","modified_gmt":"2026-01-08T06:44:15","slug":"240561","status":"publish","type":"post","link":"https:\/\/rnoticias.com.mx\/Portal\/2026\/01\/07\/240561\/","title":{"rendered":"Petro y Trump sostienen su primera llamada en medio de tensiones diplom\u00e1ticas"},"content":{"rendered":"<p>Los presidentes de Colombia<strong>, Gustavo Petro<\/strong>, y de Estados Unidos,\u00a0<strong>Donald Trump<\/strong>, sostuvieron este mi\u00e9rcoles su<strong>\u00a0primer contacto telef\u00f3nico, en un contexto marcado por el intercambio de declaraciones entre ambos<\/strong>\u00a0gobiernos, el cual se intensific\u00f3 el fin de semana pasado tras la detenci\u00f3n del mandatario venezolano, Nicol\u00e1s Maduro, durante una operaci\u00f3n estadounidense en Caracas.<\/p>\n<p>La llamada fue confirmada por fuentes de la Canciller\u00eda colombiana, quienes se\u00f1alaron que la conversaci\u00f3n entre los mandatarios se prolong\u00f3 por m\u00e1s de 40 minutos.<\/p>\n<p>Horas despu\u00e9s del contacto telef\u00f3nico,<strong>\u00a0Petro ofreci\u00f3 un discurso ante miles de personas reunidas en la Plaza de Bol\u00edvar<\/strong>, en el centro de Bogot\u00e1, durante una concentraci\u00f3n convocada \u201cen defensa de la soberan\u00eda\u201d, luego de los se\u00f1alamientos realizados por el presidente estadounidense. En su mensaje, el mandatario colombiano dio indicios sobre el tono y el contenido del di\u00e1logo sostenido con Trump.<\/p>\n<p>&#8220;En medio del debate de estos dos, tres d\u00edas que se ha desatado, hoy tra\u00eda un discurso y tengo que dar otro. Eso no es f\u00e1cil. El primer discurso era bastante duro&#8221;, expres\u00f3 Petro, en aparente alusi\u00f3n al intercambio que sostuvo con su hom\u00f3logo estadounidense.<\/p>\n<p>El jefe de Estado colombiano impuls\u00f3 esta comunicaci\u00f3n en medio del cruce de declaraciones con\u00a0<strong>Trump<\/strong>, quien el domingo pasado, a bordo del Air Force One,<strong>\u00a0afirm\u00f3 ante la prensa que, al igual que Venezuela, \u201cColombia tambi\u00e9n est\u00e1 muy enferma\u201d.<\/strong><\/p>\n<p>En referencia a Petro, Trump dijo entonces que el pa\u00eds est\u00e1<mark>\u00a0&#8220;gobernado por un hombre enfermo al que le gusta fabricar coca\u00edna y venderla a Estados Unidos y eso es algo no va a estar haciendo por mucho tiempo&#8221;.<\/mark><\/p>\n<p>Al ser preguntado si eso significa que podr\u00eda haber una operaci\u00f3n en Colombia, como la que se hizo en Venezuela contra Maduro, respondi\u00f3: &#8220;a m\u00ed me suena bien eso&#8221;.<\/p>\n<p>El presidente colombiano reaccion\u00f3 con otra amenaza, de volver a tomar las armas si es necesario, como en sus a\u00f1os de guerrillero del M-19, para defender la soberan\u00eda de la &#8220;amenaza ileg\u00edtima&#8221; de Trump.<\/p>\n<p><strong>Seg\u00fan dijo Petro hoy en su discurso<\/strong>, &#8220;pol\u00edticos que son responsables de tener relaciones con el narcotr\u00e1fico y de haber hecho trizas la paz&#8221; de Colombia,<strong>\u00a0&#8220;enga\u00f1aron a Trump&#8221; al vincular al mandatario colombiano con mafias para ponerlo en su contra y provocar una crisis con Estados Unidos<\/strong>.<\/p>\n<p>&#8220;Pues esos mismos son los responsables de esta crisis, llam\u00e9mosla diplom\u00e1tica por ahora, verbal, por ahora, que ha estallado entre Estados Unidos y Colombia&#8221;, subray\u00f3 el presidente.<\/p>\n<p>Seg\u00fan el mandatario, sus enemigos &#8220;parece que quisieran que llegaran los helic\u00f3pteros aqu\u00ed como en Caracas y nos tiraran unos misilazos&#8221;, como ocurri\u00f3 el s\u00e1bado en Caracas cuando fueron capturados Maduro y su esposa, Cilia Flores.<\/p>\n<p><strong>Trump dijo, tras la llamada telef\u00f3nica, que contempla reunirse con Petro en medio de las tensiones entre ambos Gobiernos\u00a0<\/strong>por las reiteradas cr\u00edticas del republicano al mandatario colombiano y el rechazo de Bogot\u00e1 al operativo militar estadounidense en Venezuela.<\/p>\n","protected":false},"excerpt":{"rendered":"<p>Los presidentes de Colombia, Gustavo Petro, y de Estados Unidos,\u00a0Donald Trump, sostuvieron este mi\u00e9rcoles su\u00a0primer contacto telef\u00f3nico, en un contexto marcado por el intercambio de declaraciones entre ambos\u00a0gobiernos, el cual se intensific\u00f3 el fin de semana pasado tras la detenci\u00f3n del mandatario venezolano, Nicol\u00e1s Maduro, durante una operaci\u00f3n estadounidense en Caracas. La llamada fue confirmada [&hellip;]<\/p>\n","protected":false},"author":2,"featured_media":240562,"comment_status":"closed","ping_status":"closed","sticky":false,"template":"","format":"standard","meta":{"footnotes":""},"categories":[12870,182],"tags":[12865,12871],"class_list":["post-240561","post","type-post","status-publish","format-standard","has-post-thumbnail","hentry","category-destacadas","category-internacional","tag-destacadas","tag-internacional"],"jetpack_featured_media_url":"https:\/\/rnoticias.com.mx\/Portal\/wp-content\/uploads\/2026\/01\/23-1.jpg","amp_enabled":true,"_links":{"self":[{"href":"https:\/\/rnoticias.com.mx\/Portal\/wp-json\/wp\/v2\/posts\/240561","targetHints":{"allow":["GET"]}}],"collection":[{"href":"https:\/\/rnoticias.com.mx\/Portal\/wp-json\/wp\/v2\/posts"}],"about":[{"href":"https:\/\/rnoticias.com.mx\/Portal\/wp-json\/wp\/v2\/types\/post"}],"author":[{"embeddable":true,"href":"https:\/\/rnoticias.com.mx\/Portal\/wp-json\/wp\/v2\/users\/2"}],"replies":[{"embeddable":true,"href":"https:\/\/rnoticias.com.mx\/Portal\/wp-json\/wp\/v2\/comments?post=240561"}],"version-history":[{"count":2,"href":"https:\/\/rnoticias.com.mx\/Portal\/wp-json\/wp\/v2\/posts\/240561\/revisions"}],"predecessor-version":[{"id":240565,"href":"https:\/\/rnoticias.com.mx\/Portal\/wp-json\/wp\/v2\/posts\/240561\/revisions\/240565"}],"wp:featuredmedia":[{"embeddable":true,"href":"https:\/\/rnoticias.com.mx\/Portal\/wp-json\/wp\/v2\/media\/240562"}],"wp:attachment":[{"href":"https:\/\/rnoticias.com.mx\/Portal\/wp-json\/wp\/v2\/media?parent=240561"}],"wp:term":[{"taxonomy":"category","embeddable":true,"href":"https:\/\/rnoticias.com.mx\/Portal\/wp-json\/wp\/v2\/categories?post=240561"},{"taxonomy":"post_tag","embeddable":true,"href":"https:\/\/rnoticias.com.mx\/Portal\/wp-json\/wp\/v2\/tags?post=240561"}],"curies":[{"name":"wp","href":"https:\/\/api.w.org\/{rel}","templated":true}]}}