{"id":240513,"date":"2026-01-07T17:31:33","date_gmt":"2026-01-08T00:31:33","guid":{"rendered":"https:\/\/rnoticias.com.mx\/Portal\/?p=240513"},"modified":"2026-01-07T17:31:33","modified_gmt":"2026-01-08T00:31:33","slug":"fgjes-informa-se-investiga-caso-de-maltrato-animal-en-cananea","status":"publish","type":"post","link":"https:\/\/rnoticias.com.mx\/Portal\/2026\/01\/07\/fgjes-informa-se-investiga-caso-de-maltrato-animal-en-cananea\/","title":{"rendered":"FGJES informa: se investiga caso de maltrato animal en Cananea"},"content":{"rendered":"<p>Cananea, Sonora, 7 de enero de 2026.\u2013 La Fiscal\u00eda General de Justicia del Estado de Sonora (FGJES) informa que mantiene abierta una carpeta de investigaci\u00f3n por el delito de maltrato animal, derivado de hechos ocurridos el pasado 1 de enero en la colonia Valle del Cobre, en el municipio de Cananea.<\/p>\n<p>La investigaci\u00f3n se inici\u00f3 de oficio, a partir del conocimiento de los hechos difundidos en redes sociales, donde se observa a un veh\u00edculo que, al parecer de forma intencional, atropella a varios caninos.<\/p>\n<p>Derivado de ello, el Ministerio P\u00fablico integr\u00f3 la carpeta correspondiente y ha realizado diversas diligencias para el esclarecimiento del caso.<\/p>\n<p>Hasta el momento, se cuenta con declaraciones de testigos, material videogr\u00e1fico, as\u00ed como entrevistas de personal veterinario y de instancias municipales que intervinieron posteriormente.<\/p>\n<p>Asimismo, contin\u00faan programadas entrevistas con testigos presenciales como parte de la integraci\u00f3n de la investigaci\u00f3n.<\/p>\n<p>Hay una persona de inter\u00e9s identificada, y el Ministerio P\u00fablico contin\u00faa recabando datos de prueba para determinar lo conducente conforme a derecho.<\/p>\n<p>La Fiscal\u00eda General de Justicia del Estado de Sonora (FGJES) reitera su compromiso con la legalidad, el bienestar animal y la atenci\u00f3n responsable de hechos que pudieran constituir delito, e informar\u00e1 oportunamente conforme lo permitan los tiempos y etapas procedimetales<\/p>\n","protected":false},"excerpt":{"rendered":"<p>Cananea, Sonora, 7 de enero de 2026.\u2013 La Fiscal\u00eda General de Justicia del Estado de Sonora (FGJES) informa que mantiene abierta una carpeta de investigaci\u00f3n por el delito de maltrato animal, derivado de hechos ocurridos el pasado 1 de enero en la colonia Valle del Cobre, en el municipio de Cananea. La investigaci\u00f3n se inici\u00f3 [&hellip;]<\/p>\n","protected":false},"author":2,"featured_media":240514,"comment_status":"closed","ping_status":"closed","sticky":false,"template":"","format":"standard","meta":{"footnotes":""},"categories":[12870,174],"tags":[12865,12873],"class_list":["post-240513","post","type-post","status-publish","format-standard","has-post-thumbnail","hentry","category-destacadas","category-estatal","tag-destacadas","tag-estatal"],"jetpack_featured_media_url":"https:\/\/rnoticias.com.mx\/Portal\/wp-content\/uploads\/2026\/01\/344.jpg","amp_enabled":true,"_links":{"self":[{"href":"https:\/\/rnoticias.com.mx\/Portal\/wp-json\/wp\/v2\/posts\/240513","targetHints":{"allow":["GET"]}}],"collection":[{"href":"https:\/\/rnoticias.com.mx\/Portal\/wp-json\/wp\/v2\/posts"}],"about":[{"href":"https:\/\/rnoticias.com.mx\/Portal\/wp-json\/wp\/v2\/types\/post"}],"author":[{"embeddable":true,"href":"https:\/\/rnoticias.com.mx\/Portal\/wp-json\/wp\/v2\/users\/2"}],"replies":[{"embeddable":true,"href":"https:\/\/rnoticias.com.mx\/Portal\/wp-json\/wp\/v2\/comments?post=240513"}],"version-history":[{"count":1,"href":"https:\/\/rnoticias.com.mx\/Portal\/wp-json\/wp\/v2\/posts\/240513\/revisions"}],"predecessor-version":[{"id":240515,"href":"https:\/\/rnoticias.com.mx\/Portal\/wp-json\/wp\/v2\/posts\/240513\/revisions\/240515"}],"wp:featuredmedia":[{"embeddable":true,"href":"https:\/\/rnoticias.com.mx\/Portal\/wp-json\/wp\/v2\/media\/240514"}],"wp:attachment":[{"href":"https:\/\/rnoticias.com.mx\/Portal\/wp-json\/wp\/v2\/media?parent=240513"}],"wp:term":[{"taxonomy":"category","embeddable":true,"href":"https:\/\/rnoticias.com.mx\/Portal\/wp-json\/wp\/v2\/categories?post=240513"},{"taxonomy":"post_tag","embeddable":true,"href":"https:\/\/rnoticias.com.mx\/Portal\/wp-json\/wp\/v2\/tags?post=240513"}],"curies":[{"name":"wp","href":"https:\/\/api.w.org\/{rel}","templated":true}]}}