{"id":240510,"date":"2026-01-07T17:30:10","date_gmt":"2026-01-08T00:30:10","guid":{"rendered":"https:\/\/rnoticias.com.mx\/Portal\/?p=240510"},"modified":"2026-01-07T17:30:10","modified_gmt":"2026-01-08T00:30:10","slug":"por-violencia-familiar-en-santa-ana-fgjes-obtiene-vinculacion-a-proceso-para-pedro-n","status":"publish","type":"post","link":"https:\/\/rnoticias.com.mx\/Portal\/2026\/01\/07\/por-violencia-familiar-en-santa-ana-fgjes-obtiene-vinculacion-a-proceso-para-pedro-n\/","title":{"rendered":"Por violencia familiar, en Santa Ana, FGJES obtiene vinculaci\u00f3n a proceso para Pedro \u201cN\u201d"},"content":{"rendered":"<p>Santa Ana, Sonora, 7 de enero de 2026.- La Fiscal\u00eda General de Justicia del Estado de Sonora (FGJES) formul\u00f3 imputaci\u00f3n y el \u00f3rgano jurisdiccional vincul\u00f3 a proceso a Pedro \u201cN\u201d, por el delito de violencia familiar, en agravio de Refugio Guadalupe \u201cN\u201d, con quien mantuvo una relaci\u00f3n de concubinato, en Santa Ana.<\/p>\n<p>Como medida cautelar, el Juez determin\u00f3 la prisi\u00f3n preventiva justificada, al considerar el riesgo para la v\u00edctima, adem\u00e1s, fij\u00f3 un plazo de tres meses para el cierre de la investigaci\u00f3n complementaria.<\/p>\n<p>De acuerdo con la carpeta de investigaci\u00f3n, integrada con perspectiva de g\u00e9nero, el pasado 1 de enero, el imputado acudi\u00f3 al domicilio de la v\u00edctima, ubicado en la colonia Santa Cecilia, donde presuntamente ejerci\u00f3 violencia verbal y emocional, mediante amenazas e intimidaciones desde el exterior del inmueble.<\/p>\n<p>Los actos de agresi\u00f3n incluyeron expresiones amenazantes y conductas destinadas a dominar, someter y controlar a la v\u00edctima, vulnerando su derecho a vivir una vida libre de violencia.<\/p>\n<p>Adem\u00e1s, se document\u00f3 un antecedente del 8 de agosto de 2025, cuando el imputado habr\u00eda proferido nuevas amenazas graves en contra de la v\u00edctima, reforzando un patr\u00f3n de conducta violenta reiterada.<\/p>\n<p>La Fiscal\u00eda General de Justicia del Estado de Sonora reafirma su compromiso de investigar y perseguir con firmeza los delitos que atentan contra la integridad y la seguridad de las familias, garantizando la protecci\u00f3n de las v\u00edctimas y el acceso efectivo a la justicia.<\/p>\n","protected":false},"excerpt":{"rendered":"<p>Santa Ana, Sonora, 7 de enero de 2026.- La Fiscal\u00eda General de Justicia del Estado de Sonora (FGJES) formul\u00f3 imputaci\u00f3n y el \u00f3rgano jurisdiccional vincul\u00f3 a proceso a Pedro \u201cN\u201d, por el delito de violencia familiar, en agravio de Refugio Guadalupe \u201cN\u201d, con quien mantuvo una relaci\u00f3n de concubinato, en Santa Ana. Como medida cautelar, [&hellip;]<\/p>\n","protected":false},"author":2,"featured_media":240511,"comment_status":"closed","ping_status":"closed","sticky":false,"template":"","format":"standard","meta":{"footnotes":""},"categories":[174],"tags":[12873],"class_list":["post-240510","post","type-post","status-publish","format-standard","has-post-thumbnail","hentry","category-estatal","tag-estatal"],"jetpack_featured_media_url":"https:\/\/rnoticias.com.mx\/Portal\/wp-content\/uploads\/2026\/01\/we.jpg","amp_enabled":true,"_links":{"self":[{"href":"https:\/\/rnoticias.com.mx\/Portal\/wp-json\/wp\/v2\/posts\/240510","targetHints":{"allow":["GET"]}}],"collection":[{"href":"https:\/\/rnoticias.com.mx\/Portal\/wp-json\/wp\/v2\/posts"}],"about":[{"href":"https:\/\/rnoticias.com.mx\/Portal\/wp-json\/wp\/v2\/types\/post"}],"author":[{"embeddable":true,"href":"https:\/\/rnoticias.com.mx\/Portal\/wp-json\/wp\/v2\/users\/2"}],"replies":[{"embeddable":true,"href":"https:\/\/rnoticias.com.mx\/Portal\/wp-json\/wp\/v2\/comments?post=240510"}],"version-history":[{"count":1,"href":"https:\/\/rnoticias.com.mx\/Portal\/wp-json\/wp\/v2\/posts\/240510\/revisions"}],"predecessor-version":[{"id":240512,"href":"https:\/\/rnoticias.com.mx\/Portal\/wp-json\/wp\/v2\/posts\/240510\/revisions\/240512"}],"wp:featuredmedia":[{"embeddable":true,"href":"https:\/\/rnoticias.com.mx\/Portal\/wp-json\/wp\/v2\/media\/240511"}],"wp:attachment":[{"href":"https:\/\/rnoticias.com.mx\/Portal\/wp-json\/wp\/v2\/media?parent=240510"}],"wp:term":[{"taxonomy":"category","embeddable":true,"href":"https:\/\/rnoticias.com.mx\/Portal\/wp-json\/wp\/v2\/categories?post=240510"},{"taxonomy":"post_tag","embeddable":true,"href":"https:\/\/rnoticias.com.mx\/Portal\/wp-json\/wp\/v2\/tags?post=240510"}],"curies":[{"name":"wp","href":"https:\/\/api.w.org\/{rel}","templated":true}]}}