{"id":240474,"date":"2026-01-07T16:58:07","date_gmt":"2026-01-07T23:58:07","guid":{"rendered":"https:\/\/rnoticias.com.mx\/Portal\/?p=240474"},"modified":"2026-01-07T16:58:07","modified_gmt":"2026-01-07T23:58:07","slug":"frente-frio-27-traera-lluvias-nevadas-y-descenso-de-temperaturas-en-sonora-conagua","status":"publish","type":"post","link":"https:\/\/rnoticias.com.mx\/Portal\/2026\/01\/07\/frente-frio-27-traera-lluvias-nevadas-y-descenso-de-temperaturas-en-sonora-conagua\/","title":{"rendered":"Frente fr\u00edo 27 traer\u00e1 lluvias, nevadas y descenso de temperaturas en Sonora: Conagua"},"content":{"rendered":"<p>El arribo del frente fr\u00edo n\u00famero 27 provocar\u00e1 condiciones meteorol\u00f3gicas adversas en Sonora durante este mi\u00e9rcoles y jueves, inform\u00f3 Gilberto Lagarda V\u00e1zquez.<\/p>\n<p>&nbsp;<\/p>\n<p>El especialista t\u00e9cnico de la Comisi\u00f3n Nacional del Agua (Conagua) en la entidad, cont\u00f3 que este sistema se combina con la corriente en chorro polar y subtropical, adem\u00e1s de una baja presi\u00f3n en niveles altos de la atm\u00f3sfera, lo que incrementa de manera significativa la probabilidad de lluvias.<\/p>\n<p>&nbsp;<\/p>\n<p>\u201cTodo esto se va a conjugar para tener una alta posibilidad de lluvias en Sonora. \u00bfEn que zonas? Pues todo lo que es el norte, centro,\u00a0oriente de Sonora tiene entre un 60 hasta un 70 por ciento de posibilidades de\u00a0lluvias de ligeras hasta fuertes para este d\u00eda y la parte sur del\u00a0(estado tenemos condiciones de lluvias ligeras, lloviznas en m\u00e1s o menos la\u00a0parte sur de la entidad y que pues estar\u00edamos hablando un 40 un 50 por\u00a0ciento que se presenta esta lluvia en esta zona\u201d, precis\u00f3.<\/p>\n<p>&nbsp;<\/p>\n<p>Detall\u00f3, que tambi\u00e9n se prev\u00e9 la posibilidad de nevadas en zonas serranas del oriente y norte del estado. Asimismo, dijo que se esperan rachas de viento de hasta 60 kil\u00f3metros por hora y un marcado descenso de temperaturas, con valores cercanos o por debajo de los cero grados en regiones del norte y oriente.<\/p>\n<p>&nbsp;<\/p>\n<p>Finalmente, Lagarda V\u00e1zquez, mencion\u00f3 que las bajas temperaturas podr\u00edan mantenerse hasta el fin de semana.<\/p>\n","protected":false},"excerpt":{"rendered":"<p>El arribo del frente fr\u00edo n\u00famero 27 provocar\u00e1 condiciones meteorol\u00f3gicas adversas en Sonora durante este mi\u00e9rcoles y jueves, inform\u00f3 Gilberto Lagarda V\u00e1zquez. &nbsp; El especialista t\u00e9cnico de la Comisi\u00f3n Nacional del Agua (Conagua) en la entidad, cont\u00f3 que este sistema se combina con la corriente en chorro polar y subtropical, adem\u00e1s de una baja presi\u00f3n [&hellip;]<\/p>\n","protected":false},"author":2,"featured_media":240475,"comment_status":"closed","ping_status":"closed","sticky":false,"template":"","format":"standard","meta":{"footnotes":""},"categories":[12870,174],"tags":[12865,12873],"class_list":["post-240474","post","type-post","status-publish","format-standard","has-post-thumbnail","hentry","category-destacadas","category-estatal","tag-destacadas","tag-estatal"],"jetpack_featured_media_url":"https:\/\/rnoticias.com.mx\/Portal\/wp-content\/uploads\/2026\/01\/lluvias_sinaloa.jpg_346753400.webp","amp_enabled":true,"_links":{"self":[{"href":"https:\/\/rnoticias.com.mx\/Portal\/wp-json\/wp\/v2\/posts\/240474","targetHints":{"allow":["GET"]}}],"collection":[{"href":"https:\/\/rnoticias.com.mx\/Portal\/wp-json\/wp\/v2\/posts"}],"about":[{"href":"https:\/\/rnoticias.com.mx\/Portal\/wp-json\/wp\/v2\/types\/post"}],"author":[{"embeddable":true,"href":"https:\/\/rnoticias.com.mx\/Portal\/wp-json\/wp\/v2\/users\/2"}],"replies":[{"embeddable":true,"href":"https:\/\/rnoticias.com.mx\/Portal\/wp-json\/wp\/v2\/comments?post=240474"}],"version-history":[{"count":1,"href":"https:\/\/rnoticias.com.mx\/Portal\/wp-json\/wp\/v2\/posts\/240474\/revisions"}],"predecessor-version":[{"id":240476,"href":"https:\/\/rnoticias.com.mx\/Portal\/wp-json\/wp\/v2\/posts\/240474\/revisions\/240476"}],"wp:featuredmedia":[{"embeddable":true,"href":"https:\/\/rnoticias.com.mx\/Portal\/wp-json\/wp\/v2\/media\/240475"}],"wp:attachment":[{"href":"https:\/\/rnoticias.com.mx\/Portal\/wp-json\/wp\/v2\/media?parent=240474"}],"wp:term":[{"taxonomy":"category","embeddable":true,"href":"https:\/\/rnoticias.com.mx\/Portal\/wp-json\/wp\/v2\/categories?post=240474"},{"taxonomy":"post_tag","embeddable":true,"href":"https:\/\/rnoticias.com.mx\/Portal\/wp-json\/wp\/v2\/tags?post=240474"}],"curies":[{"name":"wp","href":"https:\/\/api.w.org\/{rel}","templated":true}]}}