{"id":240411,"date":"2026-01-06T20:30:15","date_gmt":"2026-01-07T03:30:15","guid":{"rendered":"https:\/\/rnoticias.com.mx\/Portal\/?p=240411"},"modified":"2026-01-06T20:30:15","modified_gmt":"2026-01-07T03:30:15","slug":"delcy-rodriguez-decreta-7-dias-de-duelo-en-honor-a-los-martires-que-defendieron-a-maduro","status":"publish","type":"post","link":"https:\/\/rnoticias.com.mx\/Portal\/2026\/01\/06\/delcy-rodriguez-decreta-7-dias-de-duelo-en-honor-a-los-martires-que-defendieron-a-maduro\/","title":{"rendered":"Delcy Rodr\u00edguez decreta 7 d\u00edas de duelo en honor a los &#8220;m\u00e1rtires&#8221; que defendieron a Maduro"},"content":{"rendered":"<p><strong>Caracas.-\u00a0<\/strong>La presidenta encargada de Venezuela, Delcy Rodr\u00edguez,\u00a0<strong>decret\u00f3 este martes siete d\u00edas de duelo para los &#8220;j\u00f3venes m\u00e1rtires&#8221; que, dijo, murieron defendiendo el pa\u00eds sudamericano y al presidente, Nicol\u00e1s Maduro<\/strong>, quien fue capturado junto a su esposa, Cilia Flores, el pasado s\u00e1bado durante un ataque de tropas estadounidenses a Caracas y tres estados cercanos.<\/p>\n<p>Estos j\u00f3venes &#8220;ofrendaron su vida defendiendo a Venezuela, defendiendo al presidente Nicol\u00e1s Maduro&#8221;, afirm\u00f3 la mandataria encargada durante una visita a una comuna en Caracas que fue transmitida por el canal estatal Venezolana de Televisi\u00f3n (VTV).<\/p>\n<p><span class=\"marker\">&#8220;Para ellos nuestro reconocimiento. Me ha perforado el alma las im\u00e1genes de los cuerpos inertes, pero yo s\u00e9 que ellos se martirizaron por valores supremos de esta Rep\u00fablica&#8221;,<\/span>\u00a0a\u00f1adi\u00f3 Rodr\u00edguez sin precisar a\u00fan el total de v\u00edctimas fallecidas en los ataques.<\/p>\n<p>Las autoridades venezolanas tampoco han informado sobre el total de da\u00f1os, afectados y heridos tras los ataques de EE.UU. en Caracas y los estados Miranda, La Guaira y Aragua.<\/p>\n<p>Hasta el momento, solo se han confirmado 24 muertes del Ej\u00e9rcito venezolano y 32 militares cubanos que el Gobierno de la isla identific\u00f3 el domingo.<\/p>\n<p>Este martes, adem\u00e1s, la Fuerza Armada Nacional Bolivariana (FANB) rindi\u00f3 homenaje en un funeral a los 24 soldados del Ej\u00e9rcito.<\/p>\n<p>Por su parte, el fiscal general, Tarek William Saab, anunci\u00f3 en esta misma jornada la designaci\u00f3n de tres funcionarios para investigar las que estima que son &#8220;decenas&#8221; de muertes, tanto de civiles como de militares, un n\u00famero que, seg\u00fan el funcionario, a\u00fan contabilizan.<\/p>\n<p><strong>Fuentes venezolanas citadas por The New York Times revelaron que murieron 80 personas en la operaci\u00f3n en Venezuela, mientras que funcionarios de Washington dijeron que media docena de soldados estadounidenses resultaron heridos, aunque el presidente Donald Trump no quiso confirmar las cifras.<\/strong><\/p>\n<p>El lunes, una docena de personas despidi\u00f3 a Rosa Elena Gonz\u00e1lez, de 80 a\u00f1os y residente en el estado La Guaira, cercano a Caracas, quien falleci\u00f3 durante los ataques.<\/p>\n<p>M\u00e1s temprano este martes, Rodr\u00edguez asegur\u00f3 que<strong>\u00a0ning\u00fan &#8220;agente externo&#8221; gobierna al pa\u00eds sudamericano<\/strong>, luego de que Trump asegurara que parte de su Administraci\u00f3n estar\u00e1 a cargo de coordinar una transici\u00f3n en la naci\u00f3n petrolera.<\/p>\n<p>&#8220;Hemos crecido en fortaleza, hemos crecido espiritualmente para afrontar los desaf\u00edos, las agresiones, las amenazas. En lo personal, quienes me amenacen, lo digo: mi destino no lo decide sino Dios, esa es mi respuesta&#8221;, agreg\u00f3.<\/p>\n<p>Estas declaraciones contradicen las afirmaciones de Trump, quien el domingo exigi\u00f3 a Rodr\u00edguez &#8220;acceso total&#8221; al pa\u00eds suramericano en t\u00e9rminos de recursos naturales y de otra \u00edndole, al tiempo que amenaz\u00f3 con realizar nuevos ataques sobre Venezuela si el Gobierno &#8220;no se porta bien&#8221;.<\/p>\n","protected":false},"excerpt":{"rendered":"<p>Caracas.-\u00a0La presidenta encargada de Venezuela, Delcy Rodr\u00edguez,\u00a0decret\u00f3 este martes siete d\u00edas de duelo para los &#8220;j\u00f3venes m\u00e1rtires&#8221; que, dijo, murieron defendiendo el pa\u00eds sudamericano y al presidente, Nicol\u00e1s Maduro, quien fue capturado junto a su esposa, Cilia Flores, el pasado s\u00e1bado durante un ataque de tropas estadounidenses a Caracas y tres estados cercanos. Estos j\u00f3venes [&hellip;]<\/p>\n","protected":false},"author":2,"featured_media":240412,"comment_status":"closed","ping_status":"closed","sticky":false,"template":"","format":"standard","meta":{"footnotes":""},"categories":[12870,182],"tags":[12865,12871],"class_list":["post-240411","post","type-post","status-publish","format-standard","has-post-thumbnail","hentry","category-destacadas","category-internacional","tag-destacadas","tag-internacional"],"jetpack_featured_media_url":"https:\/\/rnoticias.com.mx\/Portal\/wp-content\/uploads\/2026\/01\/efe_20260105_215525685.webp","amp_enabled":true,"_links":{"self":[{"href":"https:\/\/rnoticias.com.mx\/Portal\/wp-json\/wp\/v2\/posts\/240411","targetHints":{"allow":["GET"]}}],"collection":[{"href":"https:\/\/rnoticias.com.mx\/Portal\/wp-json\/wp\/v2\/posts"}],"about":[{"href":"https:\/\/rnoticias.com.mx\/Portal\/wp-json\/wp\/v2\/types\/post"}],"author":[{"embeddable":true,"href":"https:\/\/rnoticias.com.mx\/Portal\/wp-json\/wp\/v2\/users\/2"}],"replies":[{"embeddable":true,"href":"https:\/\/rnoticias.com.mx\/Portal\/wp-json\/wp\/v2\/comments?post=240411"}],"version-history":[{"count":1,"href":"https:\/\/rnoticias.com.mx\/Portal\/wp-json\/wp\/v2\/posts\/240411\/revisions"}],"predecessor-version":[{"id":240413,"href":"https:\/\/rnoticias.com.mx\/Portal\/wp-json\/wp\/v2\/posts\/240411\/revisions\/240413"}],"wp:featuredmedia":[{"embeddable":true,"href":"https:\/\/rnoticias.com.mx\/Portal\/wp-json\/wp\/v2\/media\/240412"}],"wp:attachment":[{"href":"https:\/\/rnoticias.com.mx\/Portal\/wp-json\/wp\/v2\/media?parent=240411"}],"wp:term":[{"taxonomy":"category","embeddable":true,"href":"https:\/\/rnoticias.com.mx\/Portal\/wp-json\/wp\/v2\/categories?post=240411"},{"taxonomy":"post_tag","embeddable":true,"href":"https:\/\/rnoticias.com.mx\/Portal\/wp-json\/wp\/v2\/tags?post=240411"}],"curies":[{"name":"wp","href":"https:\/\/api.w.org\/{rel}","templated":true}]}}