{"id":240402,"date":"2026-01-06T20:24:47","date_gmt":"2026-01-07T03:24:47","guid":{"rendered":"https:\/\/rnoticias.com.mx\/Portal\/?p=240402"},"modified":"2026-01-06T20:24:47","modified_gmt":"2026-01-07T03:24:47","slug":"real-madrid-prepara-el-derbi-de-supercopa-sin-kylian-mbappe","status":"publish","type":"post","link":"https:\/\/rnoticias.com.mx\/Portal\/2026\/01\/06\/real-madrid-prepara-el-derbi-de-supercopa-sin-kylian-mbappe\/","title":{"rendered":"Real Madrid prepara el derbi de Supercopa sin Kylian Mbapp\u00e9"},"content":{"rendered":"<p><strong>Espa\u00f1a.- El Real Madrid\u00a0<\/strong>cerr\u00f3 su preparaci\u00f3n para la semifinal de la\u00a0<strong>Supercopa de Espa\u00f1a<\/strong>\u00a0ante el\u00a0<strong>Atl\u00e9tico de Madrid\u00a0<\/strong>sin la presencia de\u00a0<strong>Kylian Mbapp\u00e9<\/strong>.<\/p>\n<p>&nbsp;<\/p>\n<p>El delantero franc\u00e9s, que sufri\u00f3 un esguince de rodilla en el entrenamiento abierto del pasado 30 de diciembre, no pudo ejercitarse con el grupo y se queda en la capital espa\u00f1ola para continuar con su recuperaci\u00f3n.<\/p>\n<p>&nbsp;<\/p>\n<p>Mbap<strong>p<\/strong>\u00e9 ya se perdi\u00f3 el primer partido de 2026 frente al<strong>\u00a0Real Betis en LaLiga<\/strong>\u00a0y tampoco estar\u00e1 disponible en el derbi madrile\u00f1o del jueves en\u00a0<strong>Yeda<\/strong>.<\/p>\n<p>&nbsp;<\/p>\n<p>El plan del club contempla que, si la evoluci\u00f3n es positiva y el equipo avanza a la final del domingo en el estadio<strong>\u00a0Rey Abdullah<\/strong>, el atacante viaje el viernes a\u00a0<strong>Arabia Saud\u00ed\u00a0<\/strong>para sumarse a la concentraci\u00f3n.<\/p>\n","protected":false},"excerpt":{"rendered":"<p>Espa\u00f1a.- El Real Madrid\u00a0cerr\u00f3 su preparaci\u00f3n para la semifinal de la\u00a0Supercopa de Espa\u00f1a\u00a0ante el\u00a0Atl\u00e9tico de Madrid\u00a0sin la presencia de\u00a0Kylian Mbapp\u00e9. &nbsp; El delantero franc\u00e9s, que sufri\u00f3 un esguince de rodilla en el entrenamiento abierto del pasado 30 de diciembre, no pudo ejercitarse con el grupo y se queda en la capital espa\u00f1ola para continuar con [&hellip;]<\/p>\n","protected":false},"author":2,"featured_media":240403,"comment_status":"closed","ping_status":"closed","sticky":false,"template":"","format":"standard","meta":{"footnotes":""},"categories":[188,12870],"tags":[5231,12865],"class_list":["post-240402","post","type-post","status-publish","format-standard","has-post-thumbnail","hentry","category-deportes","category-destacadas","tag-deportes","tag-destacadas"],"jetpack_featured_media_url":"https:\/\/rnoticias.com.mx\/Portal\/wp-content\/uploads\/2026\/01\/kylian-mbappe-lesionado_1-12245416_20260106111439.webp","amp_enabled":true,"_links":{"self":[{"href":"https:\/\/rnoticias.com.mx\/Portal\/wp-json\/wp\/v2\/posts\/240402","targetHints":{"allow":["GET"]}}],"collection":[{"href":"https:\/\/rnoticias.com.mx\/Portal\/wp-json\/wp\/v2\/posts"}],"about":[{"href":"https:\/\/rnoticias.com.mx\/Portal\/wp-json\/wp\/v2\/types\/post"}],"author":[{"embeddable":true,"href":"https:\/\/rnoticias.com.mx\/Portal\/wp-json\/wp\/v2\/users\/2"}],"replies":[{"embeddable":true,"href":"https:\/\/rnoticias.com.mx\/Portal\/wp-json\/wp\/v2\/comments?post=240402"}],"version-history":[{"count":1,"href":"https:\/\/rnoticias.com.mx\/Portal\/wp-json\/wp\/v2\/posts\/240402\/revisions"}],"predecessor-version":[{"id":240404,"href":"https:\/\/rnoticias.com.mx\/Portal\/wp-json\/wp\/v2\/posts\/240402\/revisions\/240404"}],"wp:featuredmedia":[{"embeddable":true,"href":"https:\/\/rnoticias.com.mx\/Portal\/wp-json\/wp\/v2\/media\/240403"}],"wp:attachment":[{"href":"https:\/\/rnoticias.com.mx\/Portal\/wp-json\/wp\/v2\/media?parent=240402"}],"wp:term":[{"taxonomy":"category","embeddable":true,"href":"https:\/\/rnoticias.com.mx\/Portal\/wp-json\/wp\/v2\/categories?post=240402"},{"taxonomy":"post_tag","embeddable":true,"href":"https:\/\/rnoticias.com.mx\/Portal\/wp-json\/wp\/v2\/tags?post=240402"}],"curies":[{"name":"wp","href":"https:\/\/api.w.org\/{rel}","templated":true}]}}