{"id":240396,"date":"2026-01-06T20:22:49","date_gmt":"2026-01-07T03:22:49","guid":{"rendered":"https:\/\/rnoticias.com.mx\/Portal\/?p=240396"},"modified":"2026-01-06T20:22:49","modified_gmt":"2026-01-07T03:22:49","slug":"hermanos-urias-presentes-con-mexico-en-el-clasico-mundial-de-beisbol","status":"publish","type":"post","link":"https:\/\/rnoticias.com.mx\/Portal\/2026\/01\/06\/hermanos-urias-presentes-con-mexico-en-el-clasico-mundial-de-beisbol\/","title":{"rendered":"Hermanos Ur\u00edas, presentes con M\u00e9xico en el Cl\u00e1sico Mundial de B\u00e9isbol"},"content":{"rendered":"<p><strong>M\u00e9xico.- La Selecci\u00f3n Mexicana de B\u00e9isbol\u00a0<\/strong>contar\u00e1 nuevamente con el talento de los hermanos<strong>\u00a0Ur\u00edas para el Cl\u00e1sico Mundial<\/strong>\u00a0<strong>de B\u00e9isbol,\u00a0<\/strong>luego de confirmarse la presencia de\u00a0<strong>Ram\u00f3n Ur\u00edas y Luis Ur\u00edas\u00a0<\/strong>dentro del grupo de peloteros considerados para representar al pa\u00eds en el m\u00e1ximo escenario internacional del b\u00e9isbol.<\/p>\n<p>La imagen difundida por el combinado tricolor, en la que ambos jugadores aparecen con los colores nacionales y el distintivo del\u00a0<strong>Cl\u00e1sico Mundial de B\u00e9isbol,<\/strong>\u00a0refuerza el mensaje de identidad, continuidad y pertenencia que la selecci\u00f3n ha buscado consolidar tras su hist\u00f3rica actuaci\u00f3n en la edici\u00f3n anterior del torneo.<\/p>\n<p><strong>Ram\u00f3n Ur\u00edas,\u00a0<\/strong>actual infielder de los\u00a0<strong>Baltimore Orioles,\u00a0<\/strong>llega al Cl\u00e1sico como uno de los referentes defensivos del cuadro mexicano.\u00a0<strong>Campe\u00f3n de la Serie Mundial en 2023,<\/strong>\u00a0el sonorense se ha consolidado en\u00a0<strong>Grandes Ligas<\/strong>\u00a0por su versatilidad para desempe\u00f1arse en distintas posiciones del\u00a0<strong>infield<\/strong>, adem\u00e1s de su disciplina en el plato. Su experiencia reciente en instancias de alta presi\u00f3n representa un valor agregado para el roster nacional.<\/p>\n<p>Por su parte,\u00a0<strong>Luis Ur\u00edas<\/strong>\u00a0aporta recorrido y profundidad al cuadro interior. Con experiencia en organizaciones como\u00a0<strong>Milwaukee, Boston y Seattle,<\/strong>\u00a0el menor de los hermanos ha sido una pieza constante dentro de las convocatorias mexicanas, destacando por su capacidad para adaptarse a diferentes roles defensivos y por su aporte ofensivo en momentos clave.<\/p>\n<p>La presencia conjunta de los hermanos\u00a0<strong>Ur\u00edas\u00a0<\/strong>no es un hecho aislado. Ambos formaron parte del equipo mexicano que en el\u00a0<strong>Cl\u00e1sico Mundial<\/strong>\u00a0anterior alcanz\u00f3 las Semifinales, resultado que marc\u00f3 un punto de inflexi\u00f3n para el b\u00e9isbol nacional y elev\u00f3 la expectativa en torno al proyecto tricolor. Aquella participaci\u00f3n coloc\u00f3 a M\u00e9xico entre la \u00e9lite y fortaleci\u00f3 el v\u00ednculo entre jugadores con ra\u00edces en el pa\u00eds y el representativo nacional.<\/p>\n<p>El material gr\u00e1fico, acompa\u00f1ado del lema\u00a0<em><strong>\u201cEs mi sangre\u201d<\/strong><\/em>, subraya el discurso de identidad que ha caracterizado a la selecci\u00f3n en los \u00faltimos procesos. M\u00e1s all\u00e1 del rendimiento individual, el mensaje apunta a la construcci\u00f3n de un grupo comprometido con la camiseta y con la continuidad del proyecto deportivo.<\/p>\n<p>Con la confirmaci\u00f3n de<strong>\u00a0Ram\u00f3n y Luis Ur\u00edas,\u00a0<\/strong>M\u00e9xico asegura experiencia, conocimiento del torneo y cohesi\u00f3n dentro del\u00a0<strong>clubhouse<\/strong>, elementos clave en un certamen corto, exigente y de alto nivel competitivo, donde cada detalle puede marcar la diferencia. De cara a la pr\u00f3xima edici\u00f3n del torneo, el cuerpo t\u00e9cnico continuar\u00e1 definiendo el roster final, en el que se espera una base similar a la que compiti\u00f3 anteriormente, combinando talento de Grandes Ligas, experiencia y profundidad defensiva para sostener competitividad del equipo.<\/p>\n","protected":false},"excerpt":{"rendered":"<p>M\u00e9xico.- La Selecci\u00f3n Mexicana de B\u00e9isbol\u00a0contar\u00e1 nuevamente con el talento de los hermanos\u00a0Ur\u00edas para el Cl\u00e1sico Mundial\u00a0de B\u00e9isbol,\u00a0luego de confirmarse la presencia de\u00a0Ram\u00f3n Ur\u00edas y Luis Ur\u00edas\u00a0dentro del grupo de peloteros considerados para representar al pa\u00eds en el m\u00e1ximo escenario internacional del b\u00e9isbol. La imagen difundida por el combinado tricolor, en la que ambos jugadores [&hellip;]<\/p>\n","protected":false},"author":2,"featured_media":240397,"comment_status":"closed","ping_status":"closed","sticky":false,"template":"","format":"standard","meta":{"footnotes":""},"categories":[188,12870],"tags":[5231,12865],"class_list":["post-240396","post","type-post","status-publish","format-standard","has-post-thumbnail","hentry","category-deportes","category-destacadas","tag-deportes","tag-destacadas"],"jetpack_featured_media_url":"https:\/\/rnoticias.com.mx\/Portal\/wp-content\/uploads\/2026\/01\/Luis-y-Ramon-Urias-conectan-homeruns-pero-pierden.jpg","amp_enabled":true,"_links":{"self":[{"href":"https:\/\/rnoticias.com.mx\/Portal\/wp-json\/wp\/v2\/posts\/240396","targetHints":{"allow":["GET"]}}],"collection":[{"href":"https:\/\/rnoticias.com.mx\/Portal\/wp-json\/wp\/v2\/posts"}],"about":[{"href":"https:\/\/rnoticias.com.mx\/Portal\/wp-json\/wp\/v2\/types\/post"}],"author":[{"embeddable":true,"href":"https:\/\/rnoticias.com.mx\/Portal\/wp-json\/wp\/v2\/users\/2"}],"replies":[{"embeddable":true,"href":"https:\/\/rnoticias.com.mx\/Portal\/wp-json\/wp\/v2\/comments?post=240396"}],"version-history":[{"count":1,"href":"https:\/\/rnoticias.com.mx\/Portal\/wp-json\/wp\/v2\/posts\/240396\/revisions"}],"predecessor-version":[{"id":240398,"href":"https:\/\/rnoticias.com.mx\/Portal\/wp-json\/wp\/v2\/posts\/240396\/revisions\/240398"}],"wp:featuredmedia":[{"embeddable":true,"href":"https:\/\/rnoticias.com.mx\/Portal\/wp-json\/wp\/v2\/media\/240397"}],"wp:attachment":[{"href":"https:\/\/rnoticias.com.mx\/Portal\/wp-json\/wp\/v2\/media?parent=240396"}],"wp:term":[{"taxonomy":"category","embeddable":true,"href":"https:\/\/rnoticias.com.mx\/Portal\/wp-json\/wp\/v2\/categories?post=240396"},{"taxonomy":"post_tag","embeddable":true,"href":"https:\/\/rnoticias.com.mx\/Portal\/wp-json\/wp\/v2\/tags?post=240396"}],"curies":[{"name":"wp","href":"https:\/\/api.w.org\/{rel}","templated":true}]}}