{"id":240384,"date":"2026-01-06T20:14:46","date_gmt":"2026-01-07T03:14:46","guid":{"rendered":"https:\/\/rnoticias.com.mx\/Portal\/?p=240384"},"modified":"2026-01-06T20:14:46","modified_gmt":"2026-01-07T03:14:46","slug":"reinstala-utnogales-su-consejo-de-vinculacion-y-pertinencia","status":"publish","type":"post","link":"https:\/\/rnoticias.com.mx\/Portal\/2026\/01\/06\/reinstala-utnogales-su-consejo-de-vinculacion-y-pertinencia\/","title":{"rendered":"Reinstala UTNogales su Consejo de Vinculaci\u00f3n y Pertinencia"},"content":{"rendered":"<p>Nogales, Sonora; 6 de enero de 2026.- Con el objetivo de garantizar que la formaci\u00f3n de los futuros profesionistas de la regi\u00f3n fronteriza sea relevante y responda a las necesidades del entorno, la Universidad Tecnol\u00f3gica de Nogales (UTN) llev\u00f3 a cabo la reinstalaci\u00f3n del Consejo de Vinculaci\u00f3n y Pertinencia.<\/p>\n<p>El rector de la UTN, Miguel \u00c1ngel Salazar Candia, destac\u00f3 la importancia de fortalecer la colaboraci\u00f3n con los sectores productivo, social, educativo y gubernamental para consolidar la pertinencia de los programas acad\u00e9micos y atender las necesidades reales del entorno regional.<\/p>\n<p>Durante la reinstalaci\u00f3n del organismo auxiliar participaron representantes de instituciones como la Direcci\u00f3n de Desarrollo Econ\u00f3mico de Nogales, FOPIN, Canaco, Canacintra, Coparmex, Arinac, Caaarem Comisi\u00f3n Fronteriza, Club Rotario y la asociaci\u00f3n Manitas que Hablan, quienes refrendaron su compromiso de colaboraci\u00f3n con la UTN.<\/p>\n<p>La funci\u00f3n estrat\u00e9gica de los Consejos de Vinculaci\u00f3n, dentro del modelo de universidades tecnol\u00f3gicas, se basa en su papel como \u00f3rganos consultivos y de planeaci\u00f3n para responder de forma pertinente a las demandas de los sectores p\u00fablico, privado y social.<\/p>\n<p>Las y los integrantes del Consejo refrendaron el compromiso de generar y promover el apoyo mutuo, el desarrollo de proyectos y la soluci\u00f3n de problem\u00e1ticas locales, impulsando iniciativas que fortalezcan la vinculaci\u00f3n acad\u00e9mica, la empleabilidad del estudiantado y la innovaci\u00f3n institucional.<\/p>\n","protected":false},"excerpt":{"rendered":"<p>Nogales, Sonora; 6 de enero de 2026.- Con el objetivo de garantizar que la formaci\u00f3n de los futuros profesionistas de la regi\u00f3n fronteriza sea relevante y responda a las necesidades del entorno, la Universidad Tecnol\u00f3gica de Nogales (UTN) llev\u00f3 a cabo la reinstalaci\u00f3n del Consejo de Vinculaci\u00f3n y Pertinencia. El rector de la UTN, Miguel [&hellip;]<\/p>\n","protected":false},"author":2,"featured_media":240385,"comment_status":"closed","ping_status":"closed","sticky":false,"template":"","format":"standard","meta":{"footnotes":""},"categories":[12870,174],"tags":[12865,12873],"class_list":["post-240384","post","type-post","status-publish","format-standard","has-post-thumbnail","hentry","category-destacadas","category-estatal","tag-destacadas","tag-estatal"],"jetpack_featured_media_url":"https:\/\/rnoticias.com.mx\/Portal\/wp-content\/uploads\/2026\/01\/unnamed-1-11.jpg","amp_enabled":true,"_links":{"self":[{"href":"https:\/\/rnoticias.com.mx\/Portal\/wp-json\/wp\/v2\/posts\/240384","targetHints":{"allow":["GET"]}}],"collection":[{"href":"https:\/\/rnoticias.com.mx\/Portal\/wp-json\/wp\/v2\/posts"}],"about":[{"href":"https:\/\/rnoticias.com.mx\/Portal\/wp-json\/wp\/v2\/types\/post"}],"author":[{"embeddable":true,"href":"https:\/\/rnoticias.com.mx\/Portal\/wp-json\/wp\/v2\/users\/2"}],"replies":[{"embeddable":true,"href":"https:\/\/rnoticias.com.mx\/Portal\/wp-json\/wp\/v2\/comments?post=240384"}],"version-history":[{"count":1,"href":"https:\/\/rnoticias.com.mx\/Portal\/wp-json\/wp\/v2\/posts\/240384\/revisions"}],"predecessor-version":[{"id":240386,"href":"https:\/\/rnoticias.com.mx\/Portal\/wp-json\/wp\/v2\/posts\/240384\/revisions\/240386"}],"wp:featuredmedia":[{"embeddable":true,"href":"https:\/\/rnoticias.com.mx\/Portal\/wp-json\/wp\/v2\/media\/240385"}],"wp:attachment":[{"href":"https:\/\/rnoticias.com.mx\/Portal\/wp-json\/wp\/v2\/media?parent=240384"}],"wp:term":[{"taxonomy":"category","embeddable":true,"href":"https:\/\/rnoticias.com.mx\/Portal\/wp-json\/wp\/v2\/categories?post=240384"},{"taxonomy":"post_tag","embeddable":true,"href":"https:\/\/rnoticias.com.mx\/Portal\/wp-json\/wp\/v2\/tags?post=240384"}],"curies":[{"name":"wp","href":"https:\/\/api.w.org\/{rel}","templated":true}]}}