{"id":240334,"date":"2026-01-06T18:59:38","date_gmt":"2026-01-07T01:59:38","guid":{"rendered":"https:\/\/rnoticias.com.mx\/Portal\/?p=240334"},"modified":"2026-01-06T18:59:38","modified_gmt":"2026-01-07T01:59:38","slug":"entrega-tono-astiazaran-condecoraciones-y-premia-al-policia-del-ano-2025","status":"publish","type":"post","link":"https:\/\/rnoticias.com.mx\/Portal\/2026\/01\/06\/entrega-tono-astiazaran-condecoraciones-y-premia-al-policia-del-ano-2025\/","title":{"rendered":"Entrega To\u00f1o Astiazar\u00e1n condecoraciones y premia al Polic\u00eda del A\u00f1o 2025"},"content":{"rendered":"<p>Hermosillo, Sonora; 6 de enero, 2026.- El presidente municipal, Antonio Astiazar\u00e1n Guti\u00e9rrez, reconoci\u00f3 la labor y esfuerzo diario de los elementos de la Polic\u00eda de Hermosillo en el evento por la celebraci\u00f3n por su d\u00eda en el que entreg\u00f3 el premio al Polic\u00eda del A\u00f1o 2025, a Genaro Rivera Sierra quien durante veintiocho a\u00f1os ha servido a Hermosillo con constancia y responsabilidad.<\/p>\n<p>\u201cHoy por hoy la Polic\u00eda Municipal de Hermosillo goza con un reconocimiento y confianza de la ciudadan\u00eda de un 57%. Este es el nivel m\u00e1s alto en la historia de nuestra ciudad, desde que se mide por parte del INEGI\u201d, comparti\u00f3 Astiazar\u00e1n Guti\u00e9rrez.<\/p>\n<p>Acompa\u00f1ado de Drew Hoster, c\u00f3nsul general de los Estados Unidos en Hermosillo, To\u00f1o Astiazar\u00e1n destac\u00f3 que eso no es producto del gobierno, sino que es por lo que los polic\u00edas hacen a diario por la ciudad, por lo cual, no s\u00f3lo se tiene que reconocer, agradecer y ser emp\u00e1ticos con quienes el d\u00eda de hoy han recibido este reconocimiento, pero tambi\u00e9n para quienes hoy ya no est\u00e1n.<\/p>\n<p>El Comisario General de la Jefatura de Polic\u00eda Preventiva y Tr\u00e1nsito Municipal, Jes\u00fas Alonso Dur\u00f3n Monta\u00f1o, coment\u00f3 que ser polic\u00eda no es un simple empleo, sino que es un compromiso de vida que requiere entrega, sacrificio y sobre todo estar dispuesto a proteger la libertad de los dem\u00e1s, a cambio de sacrificar la propia tranquilidad y la vida misma.<\/p>\n<p>El Polic\u00eda del A\u00f1o 2025 actualmente es polic\u00eda segundo y est\u00e1 comisionado como responsable del Grupo Operativo del Sector Comercial, pero ha sido responsable de la Polic\u00eda Preventiva en varios sectores de la ciudad, incluso de la zona rural.<\/p>\n<p>\u201cTodo el tiempo me gust\u00f3 desde chamaco estar aqu\u00ed donde estoy. Y lo bonito que se siente ser lo que soy y m\u00e1s cuando te da las gracias a la gente, por lo que ayudas, que andas en la madrugada, en la tarde, que ves una persona con una criatura y \u00bfqu\u00e9 se le ofrece? al seguro, al DIF persona que la robaron, lo detienes, no falta\u2026 eso es lo bonito\u201d, expres\u00f3 Rivera Sierra.<\/p>\n<p>En representaci\u00f3n de los compa\u00f1eros, el oficial Jos\u00e9 Antonio Acu\u00f1a Carrasco, agradeci\u00f3 a Antonio Astiazar\u00e1n su apoyo y confianza en ellos, as\u00ed como el empuje que le ha dado a la corporaci\u00f3n en estos cuatro a\u00f1os, los cuales han sido fundamentales para su trabajo diario.<\/p>\n<p>\u201cEso habla de voluntad y compromiso hacia nuestra labor. Ser polic\u00eda no es una tarea f\u00e1cil. A menudo implica enfrentar situaciones dif\u00edciles para mantener la paz y la seguridad en la ciudad implica tambi\u00e9n sacrificios, no solo de nosotros, sino de nuestras familias, a quienes hoy le damos las gracias por su amor y comprensi\u00f3n\u201d, manifest\u00f3.<\/p>\n<p>Previamente, se coloc\u00f3 una ofrenda floral en el monumento a Enrique Morales Alcantar \u201cMoralitos\u201d, ubicado en la explanada de la Primaria Alberto Guti\u00e9rrez donde prest\u00f3 un servicio ejemplar a los estudiantes y a sus familias; m\u00e1s tarde las y los polic\u00edas, acompa\u00f1ados por el Presidente Municipal, asistieron a una misa de acci\u00f3n de gracias en la Catedral Metropolitana.<\/p>\n<p>Asistieron Luis Fernando Ram\u00edrez Salcido, comisario en jefe dela Polic\u00eda Municipal; Aurelio Orlando Cuevas Ramos, regidor presidente de la Comisi\u00f3n de Seguridad P\u00fablica y Tr\u00e1nsito Municipal; F\u00e9lix Tella Platt, presidente del Comit\u00e9 Ciudadano de Seguridad P\u00fablica; Ra\u00fal Esparza Burrola, coronel de infanter\u00eda de Estado Mayo de la Cuarta Zona Militar.<\/p>\n<p>Condecoraci\u00f3n al M\u00e9rito:<br \/>\nGerm\u00e1n Ch\u00e1vez S\u00e1nchez<br \/>\nSergio Ram\u00edrez Mart\u00ednez<br \/>\nBenito Sesma Serrato<br \/>\nFrancisco Rend\u00f3n Mart\u00ednez<br \/>\nRosa Ang\u00e9lica Rodr\u00edguez Barreras<br \/>\nJulio C\u00e9sar Castro Molina<br \/>\nGuadalupe Ojeda Celis<br \/>\nMar\u00eda Olivia Palomares Meza<br \/>\nLiliana Sandoval Meza<br \/>\nFrancisco Omar G\u00e1lvez Vargas<br \/>\nBrian Mendoza Montiel<br \/>\nLina Fernanda Hern\u00e1ndez Palacios<br \/>\nLuis Fernando Moreno Morales<br \/>\nFernanda Lucero Pe\u00f1a<br \/>\nIgnacio Meza G\u00e1lvez<br \/>\nFrancisco M\u00e1rquez Saldate<br \/>\nMart\u00edn Orlando Coronado Camacho<br \/>\nAna Gabriela Borb\u00f3n Arg\u00fcelles<br \/>\nEverardo Ochoa Aguayo<br \/>\nManuel de Jes\u00fas Camacho Rodelo<\/p>\n<p>Condecoraci\u00f3n al M\u00e9rito T\u00e9cnico Policial:<br \/>\nJorge Alberto Tellaeche<br \/>\nJes\u00fas Carlos Ozuna Molina<br \/>\nJes\u00fas Alan Acu\u00f1a Mart\u00ednez<\/p>\n<p>Condecoraci\u00f3n al Valor Heroico 2025:<br \/>\nAparicio Campa Reyes<br \/>\nCristian Abel Bueno Esperanza<br \/>\nJos\u00e9 Antonio Acu\u00f1a Carrazco<br \/>\nRafael V\u00e1zquez Flores (p\u00f3stumo)<\/p>\n<p>Condecoraci\u00f3n a la Perseverancia 2025:<br \/>\nFrancisco Antonio<br \/>\nAvil\u00e9s Lerma<br \/>\nIrvin Alexis Ruiz Ochoa<br \/>\nAdem\u00e1s se entreg\u00f3 reconocimiento a polic\u00edas con 10, 15, 20, 25, 30 y 35 a\u00f1os de servicio.<\/p>\n","protected":false},"excerpt":{"rendered":"<p>Hermosillo, Sonora; 6 de enero, 2026.- El presidente municipal, Antonio Astiazar\u00e1n Guti\u00e9rrez, reconoci\u00f3 la labor y esfuerzo diario de los elementos de la Polic\u00eda de Hermosillo en el evento por la celebraci\u00f3n por su d\u00eda en el que entreg\u00f3 el premio al Polic\u00eda del A\u00f1o 2025, a Genaro Rivera Sierra quien durante veintiocho a\u00f1os ha [&hellip;]<\/p>\n","protected":false},"author":2,"featured_media":240335,"comment_status":"closed","ping_status":"closed","sticky":false,"template":"","format":"standard","meta":{"footnotes":""},"categories":[12870,178],"tags":[12865,12869],"class_list":["post-240334","post","type-post","status-publish","format-standard","has-post-thumbnail","hentry","category-destacadas","category-local","tag-destacadas","tag-local"],"jetpack_featured_media_url":"https:\/\/rnoticias.com.mx\/Portal\/wp-content\/uploads\/2026\/01\/300.jpg","amp_enabled":true,"_links":{"self":[{"href":"https:\/\/rnoticias.com.mx\/Portal\/wp-json\/wp\/v2\/posts\/240334","targetHints":{"allow":["GET"]}}],"collection":[{"href":"https:\/\/rnoticias.com.mx\/Portal\/wp-json\/wp\/v2\/posts"}],"about":[{"href":"https:\/\/rnoticias.com.mx\/Portal\/wp-json\/wp\/v2\/types\/post"}],"author":[{"embeddable":true,"href":"https:\/\/rnoticias.com.mx\/Portal\/wp-json\/wp\/v2\/users\/2"}],"replies":[{"embeddable":true,"href":"https:\/\/rnoticias.com.mx\/Portal\/wp-json\/wp\/v2\/comments?post=240334"}],"version-history":[{"count":1,"href":"https:\/\/rnoticias.com.mx\/Portal\/wp-json\/wp\/v2\/posts\/240334\/revisions"}],"predecessor-version":[{"id":240336,"href":"https:\/\/rnoticias.com.mx\/Portal\/wp-json\/wp\/v2\/posts\/240334\/revisions\/240336"}],"wp:featuredmedia":[{"embeddable":true,"href":"https:\/\/rnoticias.com.mx\/Portal\/wp-json\/wp\/v2\/media\/240335"}],"wp:attachment":[{"href":"https:\/\/rnoticias.com.mx\/Portal\/wp-json\/wp\/v2\/media?parent=240334"}],"wp:term":[{"taxonomy":"category","embeddable":true,"href":"https:\/\/rnoticias.com.mx\/Portal\/wp-json\/wp\/v2\/categories?post=240334"},{"taxonomy":"post_tag","embeddable":true,"href":"https:\/\/rnoticias.com.mx\/Portal\/wp-json\/wp\/v2\/tags?post=240334"}],"curies":[{"name":"wp","href":"https:\/\/api.w.org\/{rel}","templated":true}]}}