{"id":240331,"date":"2026-01-06T18:04:07","date_gmt":"2026-01-07T01:04:07","guid":{"rendered":"https:\/\/rnoticias.com.mx\/Portal\/?p=240331"},"modified":"2026-01-06T18:04:07","modified_gmt":"2026-01-07T01:04:07","slug":"informa-gobierno-municipal-nueva-fecha-para-la-rosca-mas-grande-de-la-h","status":"publish","type":"post","link":"https:\/\/rnoticias.com.mx\/Portal\/2026\/01\/06\/informa-gobierno-municipal-nueva-fecha-para-la-rosca-mas-grande-de-la-h\/","title":{"rendered":"Informa Gobierno Municipal nueva fecha para la Rosca M\u00e1s Grande de La H"},"content":{"rendered":"<p>Hermosillo, Sonora; 6 de enero de 2026.- El Gobierno Municipal de Hermosillo informa que por condiciones climatol\u00f3gicas se cambia para este jueves 8 de enero la novena edici\u00f3n de la Rosca M\u00e1s Grande de La H, en el bulevar Miguel Hidalgo, a la altura del Palacio Municipal.<\/p>\n<p>El evento se realizar\u00e1 en el marco de la V\u00edactiva n\u00famero 329, la primera del a\u00f1o, y contar\u00e1 con una rosca de 600 metros de longitud, que podr\u00e1 ser degustada de manera gratuita gracias a la colaboraci\u00f3n de la Universidad Vizcaya de Las Am\u00e9ricas campus Hermosillo.<\/p>\n<p>El evento iniciar\u00e1 a las 17:00 horas y el reparto de la rosca iniciar\u00e1 a las 18:30 horas, en un ambiente familiar con m\u00fasica, convivencia y sorpresas para ni\u00f1as y ni\u00f1os, reafirmando esta tradici\u00f3n que une a la comunidad hermosillense.<\/p>\n<p>Se exhorta a la ciudadan\u00eda a tomar precauciones por el cierre de calles del bulevar Hidalgo &#8211; de oriente a poniente &#8211; desde la calle Pedro Moreno hasta la calle Londres a partir de las 7:00 horas en la zona del evento el jueves 8 de enero.<\/p>\n","protected":false},"excerpt":{"rendered":"<p>Hermosillo, Sonora; 6 de enero de 2026.- El Gobierno Municipal de Hermosillo informa que por condiciones climatol\u00f3gicas se cambia para este jueves 8 de enero la novena edici\u00f3n de la Rosca M\u00e1s Grande de La H, en el bulevar Miguel Hidalgo, a la altura del Palacio Municipal. El evento se realizar\u00e1 en el marco de [&hellip;]<\/p>\n","protected":false},"author":2,"featured_media":240332,"comment_status":"closed","ping_status":"closed","sticky":false,"template":"","format":"standard","meta":{"footnotes":""},"categories":[12870,178],"tags":[12865,12869],"class_list":["post-240331","post","type-post","status-publish","format-standard","has-post-thumbnail","hentry","category-destacadas","category-local","tag-destacadas","tag-local"],"jetpack_featured_media_url":"https:\/\/rnoticias.com.mx\/Portal\/wp-content\/uploads\/2026\/01\/45.jpg","amp_enabled":true,"_links":{"self":[{"href":"https:\/\/rnoticias.com.mx\/Portal\/wp-json\/wp\/v2\/posts\/240331","targetHints":{"allow":["GET"]}}],"collection":[{"href":"https:\/\/rnoticias.com.mx\/Portal\/wp-json\/wp\/v2\/posts"}],"about":[{"href":"https:\/\/rnoticias.com.mx\/Portal\/wp-json\/wp\/v2\/types\/post"}],"author":[{"embeddable":true,"href":"https:\/\/rnoticias.com.mx\/Portal\/wp-json\/wp\/v2\/users\/2"}],"replies":[{"embeddable":true,"href":"https:\/\/rnoticias.com.mx\/Portal\/wp-json\/wp\/v2\/comments?post=240331"}],"version-history":[{"count":1,"href":"https:\/\/rnoticias.com.mx\/Portal\/wp-json\/wp\/v2\/posts\/240331\/revisions"}],"predecessor-version":[{"id":240333,"href":"https:\/\/rnoticias.com.mx\/Portal\/wp-json\/wp\/v2\/posts\/240331\/revisions\/240333"}],"wp:featuredmedia":[{"embeddable":true,"href":"https:\/\/rnoticias.com.mx\/Portal\/wp-json\/wp\/v2\/media\/240332"}],"wp:attachment":[{"href":"https:\/\/rnoticias.com.mx\/Portal\/wp-json\/wp\/v2\/media?parent=240331"}],"wp:term":[{"taxonomy":"category","embeddable":true,"href":"https:\/\/rnoticias.com.mx\/Portal\/wp-json\/wp\/v2\/categories?post=240331"},{"taxonomy":"post_tag","embeddable":true,"href":"https:\/\/rnoticias.com.mx\/Portal\/wp-json\/wp\/v2\/tags?post=240331"}],"curies":[{"name":"wp","href":"https:\/\/api.w.org\/{rel}","templated":true}]}}