{"id":240328,"date":"2026-01-06T18:01:47","date_gmt":"2026-01-07T01:01:47","guid":{"rendered":"https:\/\/rnoticias.com.mx\/Portal\/?p=240328"},"modified":"2026-01-06T18:01:47","modified_gmt":"2026-01-07T01:01:47","slug":"exhorta-transito-municipal-a-motociclistas-a-reforzar-sus-medidas-de-seguridad-a-fin-de-prevenir-accidentes-de-gravedad","status":"publish","type":"post","link":"https:\/\/rnoticias.com.mx\/Portal\/2026\/01\/06\/exhorta-transito-municipal-a-motociclistas-a-reforzar-sus-medidas-de-seguridad-a-fin-de-prevenir-accidentes-de-gravedad\/","title":{"rendered":"Exhorta tr\u00e1nsito municipal a motociclistas a reforzar sus medidas de seguridad a fin de prevenir accidentes de gravedad"},"content":{"rendered":"<p>Ante el incremento en el uso de motocicletas en la ciudad de Hermosillo, tanto como medio de transporte como de recreaci\u00f3n, autoridades de tr\u00e1nsito municipal exhortan a las y los motociclistas a conducir con precauci\u00f3n y a cumplir con todas las medidas de seguridad.<\/p>\n<p>&nbsp;<\/p>\n<p>Sergio Valdez L\u00f3pez, Director de Tr\u00e1nsito Municipal, dio a conocer que se ha se ha detectado que algunos conductores utilizan vialidades primarias y secundarias para realizar competencias de velocidad y maniobras peligrosas, como acrobacias, conductas que han derivado en siniestros de tr\u00e1nsito con consecuencias graves e incluso p\u00e9rdida de vidas humanas.<\/p>\n<p>&nbsp;<\/p>\n<p>\u201cUna de las principales recomendaciones para las motocicletas es que tienen los mismos derechos y las mismas obligaciones que los automovilistas, que deben de transitar con mucha precauci\u00f3n y con todas las medidas de seguridad\u201d, enfatiz\u00f3.<\/p>\n<p>&nbsp;<\/p>\n<p>En ese sentido, se recomend\u00f3 a los motociclistas el siempre circular con casco, equipo de protecci\u00f3n, respetar los l\u00edmites de velocidad y el reglamento de tr\u00e1nsito y sobre todo, evitar conductas de riesgo en la v\u00eda p\u00fablica.<\/p>\n","protected":false},"excerpt":{"rendered":"<p>Ante el incremento en el uso de motocicletas en la ciudad de Hermosillo, tanto como medio de transporte como de recreaci\u00f3n, autoridades de tr\u00e1nsito municipal exhortan a las y los motociclistas a conducir con precauci\u00f3n y a cumplir con todas las medidas de seguridad. &nbsp; Sergio Valdez L\u00f3pez, Director de Tr\u00e1nsito Municipal, dio a conocer [&hellip;]<\/p>\n","protected":false},"author":2,"featured_media":240329,"comment_status":"closed","ping_status":"closed","sticky":false,"template":"","format":"standard","meta":{"footnotes":""},"categories":[12870,178],"tags":[12865,12869],"class_list":["post-240328","post","type-post","status-publish","format-standard","has-post-thumbnail","hentry","category-destacadas","category-local","tag-destacadas","tag-local"],"jetpack_featured_media_url":"https:\/\/rnoticias.com.mx\/Portal\/wp-content\/uploads\/2026\/01\/photo-2025-10-18-18-27-25-3RgU0BxRV.webp","amp_enabled":true,"_links":{"self":[{"href":"https:\/\/rnoticias.com.mx\/Portal\/wp-json\/wp\/v2\/posts\/240328","targetHints":{"allow":["GET"]}}],"collection":[{"href":"https:\/\/rnoticias.com.mx\/Portal\/wp-json\/wp\/v2\/posts"}],"about":[{"href":"https:\/\/rnoticias.com.mx\/Portal\/wp-json\/wp\/v2\/types\/post"}],"author":[{"embeddable":true,"href":"https:\/\/rnoticias.com.mx\/Portal\/wp-json\/wp\/v2\/users\/2"}],"replies":[{"embeddable":true,"href":"https:\/\/rnoticias.com.mx\/Portal\/wp-json\/wp\/v2\/comments?post=240328"}],"version-history":[{"count":1,"href":"https:\/\/rnoticias.com.mx\/Portal\/wp-json\/wp\/v2\/posts\/240328\/revisions"}],"predecessor-version":[{"id":240330,"href":"https:\/\/rnoticias.com.mx\/Portal\/wp-json\/wp\/v2\/posts\/240328\/revisions\/240330"}],"wp:featuredmedia":[{"embeddable":true,"href":"https:\/\/rnoticias.com.mx\/Portal\/wp-json\/wp\/v2\/media\/240329"}],"wp:attachment":[{"href":"https:\/\/rnoticias.com.mx\/Portal\/wp-json\/wp\/v2\/media?parent=240328"}],"wp:term":[{"taxonomy":"category","embeddable":true,"href":"https:\/\/rnoticias.com.mx\/Portal\/wp-json\/wp\/v2\/categories?post=240328"},{"taxonomy":"post_tag","embeddable":true,"href":"https:\/\/rnoticias.com.mx\/Portal\/wp-json\/wp\/v2\/tags?post=240328"}],"curies":[{"name":"wp","href":"https:\/\/api.w.org\/{rel}","templated":true}]}}