{"id":240322,"date":"2026-01-06T17:57:30","date_gmt":"2026-01-07T00:57:30","guid":{"rendered":"https:\/\/rnoticias.com.mx\/Portal\/?p=240322"},"modified":"2026-01-06T17:57:30","modified_gmt":"2026-01-07T00:57:30","slug":"realizan-homenaje-a-moralitos-en-el-marco-del-dia-nacional-del-policia","status":"publish","type":"post","link":"https:\/\/rnoticias.com.mx\/Portal\/2026\/01\/06\/realizan-homenaje-a-moralitos-en-el-marco-del-dia-nacional-del-policia\/","title":{"rendered":"Realizan homenaje a &#8220;Moralitos&#8221;, en el marco del D\u00eda Nacional del Polic\u00eda"},"content":{"rendered":"<p>Familiares y autoridades municipales\u00a0rindieron un homenaje luctuoso a\u00a0Enrique Morales Alc\u00e1ntar, m\u00e1s conocido como\u00a0&#8216;Moralitos&#8217;, en el marco del\u00a0D\u00eda Nacional del Polic\u00eda, que se celebra este 6 de enero.<\/p>\n<p>&nbsp;<\/p>\n<p>La ceremonia se llev\u00f3 a cabo en el monumento que lleva su nombre, ubicado en la explanada exterior de la escuela primaria &#8220;Alberto Guti\u00e9rrez&#8221;, en el centro de Hermosillo.<\/p>\n<p>&nbsp;<\/p>\n<p>Uno de sus hijos, Alejandro Morales Rivas, record\u00f3 como su padre que falleci\u00f3 hace m\u00e1s de 50 a\u00f1os, fue una persona que durante su vida se desempe\u00f1\u00f3 como\u00a0teniente del departamento de Tr\u00e1nsito, vigilando la seguridad de los ni\u00f1os al ingresar y salir del plantel.<\/p>\n<p>&nbsp;<\/p>\n<p>\u201cFue un padre excelente, muy exigente, honrado, nos dio todos los valores, a diario los llevamos a cabo. Se le recuerda a\u00fan con mucha nostalgia\u201d, manifest\u00f3.<\/p>\n<p>&nbsp;<\/p>\n<p>Alejandro, a\u00f1adi\u00f3, que toda la familia siente mucho orgullo porque la sociedad hermosillense sigue recordando a su padre que falleci\u00f3 en 1974 y quien, en su labor como polic\u00eda, siempre trato de dar lo mejor de si gracias a su vocaci\u00f3n intachable de servicio.<\/p>\n<p>&nbsp;<\/p>\n<p>Finalmente, durante la ceremonia, los familiares y autoridades municipales colocaron una\u00a0ofrenda floral\u00a0en el monumento para honrar la memoria de Enrique Morales Alc\u00e1ntar.<\/p>\n<p>&nbsp;<\/p>\n","protected":false},"excerpt":{"rendered":"<p>Familiares y autoridades municipales\u00a0rindieron un homenaje luctuoso a\u00a0Enrique Morales Alc\u00e1ntar, m\u00e1s conocido como\u00a0&#8216;Moralitos&#8217;, en el marco del\u00a0D\u00eda Nacional del Polic\u00eda, que se celebra este 6 de enero. &nbsp; La ceremonia se llev\u00f3 a cabo en el monumento que lleva su nombre, ubicado en la explanada exterior de la escuela primaria &#8220;Alberto Guti\u00e9rrez&#8221;, en el centro [&hellip;]<\/p>\n","protected":false},"author":2,"featured_media":240323,"comment_status":"closed","ping_status":"closed","sticky":false,"template":"","format":"standard","meta":{"footnotes":""},"categories":[12870,178],"tags":[12865,12869],"class_list":["post-240322","post","type-post","status-publish","format-standard","has-post-thumbnail","hentry","category-destacadas","category-local","tag-destacadas","tag-local"],"jetpack_featured_media_url":"https:\/\/rnoticias.com.mx\/Portal\/wp-content\/uploads\/2026\/01\/044.jpg","amp_enabled":true,"_links":{"self":[{"href":"https:\/\/rnoticias.com.mx\/Portal\/wp-json\/wp\/v2\/posts\/240322","targetHints":{"allow":["GET"]}}],"collection":[{"href":"https:\/\/rnoticias.com.mx\/Portal\/wp-json\/wp\/v2\/posts"}],"about":[{"href":"https:\/\/rnoticias.com.mx\/Portal\/wp-json\/wp\/v2\/types\/post"}],"author":[{"embeddable":true,"href":"https:\/\/rnoticias.com.mx\/Portal\/wp-json\/wp\/v2\/users\/2"}],"replies":[{"embeddable":true,"href":"https:\/\/rnoticias.com.mx\/Portal\/wp-json\/wp\/v2\/comments?post=240322"}],"version-history":[{"count":1,"href":"https:\/\/rnoticias.com.mx\/Portal\/wp-json\/wp\/v2\/posts\/240322\/revisions"}],"predecessor-version":[{"id":240324,"href":"https:\/\/rnoticias.com.mx\/Portal\/wp-json\/wp\/v2\/posts\/240322\/revisions\/240324"}],"wp:featuredmedia":[{"embeddable":true,"href":"https:\/\/rnoticias.com.mx\/Portal\/wp-json\/wp\/v2\/media\/240323"}],"wp:attachment":[{"href":"https:\/\/rnoticias.com.mx\/Portal\/wp-json\/wp\/v2\/media?parent=240322"}],"wp:term":[{"taxonomy":"category","embeddable":true,"href":"https:\/\/rnoticias.com.mx\/Portal\/wp-json\/wp\/v2\/categories?post=240322"},{"taxonomy":"post_tag","embeddable":true,"href":"https:\/\/rnoticias.com.mx\/Portal\/wp-json\/wp\/v2\/tags?post=240322"}],"curies":[{"name":"wp","href":"https:\/\/api.w.org\/{rel}","templated":true}]}}