{"id":240302,"date":"2026-01-06T14:02:01","date_gmt":"2026-01-06T21:02:01","guid":{"rendered":"https:\/\/rnoticias.com.mx\/Portal\/?p=240302"},"modified":"2026-01-06T14:02:01","modified_gmt":"2026-01-06T21:02:01","slug":"jornadas-del-registro-civil-permitieron-el-registro-de-mas-de-28-mil-menores-en-sonora-durante-2025","status":"publish","type":"post","link":"https:\/\/rnoticias.com.mx\/Portal\/2026\/01\/06\/jornadas-del-registro-civil-permitieron-el-registro-de-mas-de-28-mil-menores-en-sonora-durante-2025\/","title":{"rendered":"Jornadas del Registro Civil permitieron el registro de m\u00e1s de 28 mil menores en Sonora durante 2025"},"content":{"rendered":"<p>Hermosillo, Sonora; 6 de diciembre de 2025.\u2013 La Direcci\u00f3n del Registro Civil de Sonora, inform\u00f3 que gracias a las 127 jornadas realizadas durante el 2025, se logr\u00f3 el registro de 28 mil 384 ni\u00f1as y ni\u00f1os en el estado.<\/p>\n<p>La titular de la dependencia, Mari\u00e1n Mart\u00ednez Rodr\u00edguez, explic\u00f3 que estas jornadas tienen como objetivo acercar los servicios del Registro Civil a la poblaci\u00f3n, lo que ha permitido que madres y padres de familia aprovechen estos espacios para registrar de manera oportuna a sus hijas e hijos.<\/p>\n<p>Detall\u00f3 que, del total de menores que recibieron su acta de nacimiento, 14 mil 434 fueron ni\u00f1as y 13 mil 950 fueron ni\u00f1os, lo que representa un tres punto cuatro por ciento m\u00e1s de registros de mujeres que de hombres.<\/p>\n<p>Asimismo, hizo un llamado a la ciudadan\u00eda a registrar a sus hijas e hijos desde el momento de su nacimiento y evitar esperar hasta que inicien su etapa escolar para realizar este tr\u00e1mite, ya que el acta de nacimiento garantiza el derecho a la identidad y el acceso a otros servicios.<\/p>\n<p>Indic\u00f3 que es importante aprovechar tanto las Ferias de Sonora Atiende, en las que participa el Registro Civil, como las jornadas permanentes que se realizan en distintos puntos del estado, con el fin de garantizar este derecho fundamental a ni\u00f1as y ni\u00f1os sonorenses.<\/p>\n<p>Finalmente, se inform\u00f3 que los registros se realizan \u00fanicamente de manera presencial en los siete centros habilitados en el estado, ubicados en Hermosillo, Empalme, Cajeme, Navojoa, Agua Prieta, Cananea y Caborca. Para conocer requisitos y horarios, la ciudadan\u00eda puede consultar la p\u00e1gina oficial de Facebook del Registro Civil.<\/p>\n","protected":false},"excerpt":{"rendered":"<p>Hermosillo, Sonora; 6 de diciembre de 2025.\u2013 La Direcci\u00f3n del Registro Civil de Sonora, inform\u00f3 que gracias a las 127 jornadas realizadas durante el 2025, se logr\u00f3 el registro de 28 mil 384 ni\u00f1as y ni\u00f1os en el estado. La titular de la dependencia, Mari\u00e1n Mart\u00ednez Rodr\u00edguez, explic\u00f3 que estas jornadas tienen como objetivo acercar [&hellip;]<\/p>\n","protected":false},"author":2,"featured_media":240303,"comment_status":"closed","ping_status":"closed","sticky":false,"template":"","format":"standard","meta":{"footnotes":""},"categories":[12870,178],"tags":[12865,12869],"class_list":["post-240302","post","type-post","status-publish","format-standard","has-post-thumbnail","hentry","category-destacadas","category-local","tag-destacadas","tag-local"],"jetpack_featured_media_url":"https:\/\/rnoticias.com.mx\/Portal\/wp-content\/uploads\/2026\/01\/unnamed-2-1.jpg","amp_enabled":true,"_links":{"self":[{"href":"https:\/\/rnoticias.com.mx\/Portal\/wp-json\/wp\/v2\/posts\/240302","targetHints":{"allow":["GET"]}}],"collection":[{"href":"https:\/\/rnoticias.com.mx\/Portal\/wp-json\/wp\/v2\/posts"}],"about":[{"href":"https:\/\/rnoticias.com.mx\/Portal\/wp-json\/wp\/v2\/types\/post"}],"author":[{"embeddable":true,"href":"https:\/\/rnoticias.com.mx\/Portal\/wp-json\/wp\/v2\/users\/2"}],"replies":[{"embeddable":true,"href":"https:\/\/rnoticias.com.mx\/Portal\/wp-json\/wp\/v2\/comments?post=240302"}],"version-history":[{"count":1,"href":"https:\/\/rnoticias.com.mx\/Portal\/wp-json\/wp\/v2\/posts\/240302\/revisions"}],"predecessor-version":[{"id":240304,"href":"https:\/\/rnoticias.com.mx\/Portal\/wp-json\/wp\/v2\/posts\/240302\/revisions\/240304"}],"wp:featuredmedia":[{"embeddable":true,"href":"https:\/\/rnoticias.com.mx\/Portal\/wp-json\/wp\/v2\/media\/240303"}],"wp:attachment":[{"href":"https:\/\/rnoticias.com.mx\/Portal\/wp-json\/wp\/v2\/media?parent=240302"}],"wp:term":[{"taxonomy":"category","embeddable":true,"href":"https:\/\/rnoticias.com.mx\/Portal\/wp-json\/wp\/v2\/categories?post=240302"},{"taxonomy":"post_tag","embeddable":true,"href":"https:\/\/rnoticias.com.mx\/Portal\/wp-json\/wp\/v2\/tags?post=240302"}],"curies":[{"name":"wp","href":"https:\/\/api.w.org\/{rel}","templated":true}]}}