{"id":240298,"date":"2026-01-06T13:51:50","date_gmt":"2026-01-06T20:51:50","guid":{"rendered":"https:\/\/rnoticias.com.mx\/Portal\/?p=240298"},"modified":"2026-01-06T13:51:50","modified_gmt":"2026-01-06T20:51:50","slug":"tormenta-invernal-en-europa-deja-muertes-en-francia-y-cancelacion-de-vuelos","status":"publish","type":"post","link":"https:\/\/rnoticias.com.mx\/Portal\/2026\/01\/06\/tormenta-invernal-en-europa-deja-muertes-en-francia-y-cancelacion-de-vuelos\/","title":{"rendered":"Tormenta invernal en Europa deja muertes en Francia y cancelaci\u00f3n de vuelos"},"content":{"rendered":"<p><mark><strong>Nieve, hielo y temperaturas bajo cero afectaron partes de Europa este martes, causando condiciones de tr\u00e1fico peligrosas que dejaron al menos cinco personas muertas en Francia\u00a0<\/strong><\/mark>y obligaron a la cancelaci\u00f3n de cientos de vuelos desde uno de los aeropuertos m\u00e1s concurridos del continente.<\/p>\n<p>Las autoridades de la regi\u00f3n de Landes, en el suroeste de Francia, informaron de tres muertos en accidentes, y\u00a0<strong>se report\u00f3 que al menos dos personas m\u00e1s murieron en la regi\u00f3n de \u00cele-de-France alrededor de Par\u00eds, donde las autoridades ordenaron que los camiones salieran de las carreteras<\/strong>, ya que la nevada caus\u00f3 enormes atascos de tr\u00e1fico el lunes.<\/p>\n<p>Par\u00eds despert\u00f3 este martes con un manto de nieve sobre sus famosos tejados y sitios emblem\u00e1ticos, y los ni\u00f1os cuyas escuelas no pudieron dar clases disfrutaron de un inesperado d\u00eda libre.\u00a0<mark><strong>Los viajeros a\u00e9reos estaban menos contentos, ya que la fuerte nevada oblig\u00f3 al cierre de seis aeropuertos en el norte y oeste de Francia.<\/strong><\/mark><\/p>\n<p>Mientras la nieve ca\u00eda en Holanda, el Aeropuerto Schiphol de \u00c1msterdam inform\u00f3 que\u00a0<strong>unos 400 vuelos fueron cancelados mientras las cuadrillas trabajaban para despejar las pistas y descongelar los aviones<\/strong>\u00a0que esperaban partir. Cientos de vuelos tambi\u00e9n se cancelaron el lunes en \u00c1msterdam y se pronostic\u00f3 m\u00e1s nieve para el resto de la semana.<\/p>\n<p><strong>El solo hecho de llegar y salir del aeropuerto fuera de la capital holandesa fue todo un desaf\u00edo<\/strong>, con puntos congelados y un fallo de software ocurrido en las primeras horas de la ma\u00f1ana que sumi\u00f3 en el caos el sistema ferroviario holand\u00e9s.<\/p>\n<p>M\u00e1s tarde se reanudaron los servicios ferroviarios de manera limitada, pero muchas de las rutas alrededor de \u00c1msterdam permanecieron cerradas debido a las condiciones clim\u00e1ticas, inform\u00f3 la compa\u00f1\u00eda ferroviaria nacional NS en su sitio web.<mark><strong>\u00a0Inst\u00f3 a los viajeros a &#8220;viajar solo si es absolutamente necesario&#8221;.<\/strong><\/mark><\/p>\n<p><strong>Los viajeros obligados a conducir al trabajo tambi\u00e9n enfrentaron largos viajes, ya que una combinaci\u00f3n de nieve y hielo complic\u00f3 el tr\u00e1fico en algunas autopistas.<\/strong><\/p>\n<p><strong>Thijs Rademakers, un estudiante de 18 a\u00f1os, decidi\u00f3 viajar en su bicicleta en lugar de esperar el transporte p\u00fablico.<\/strong><\/p>\n<p><strong>&#8220;Fue dif\u00edcil, muy resbaladizo&#8221;, dijo en la ciudad oriental de Arnhem<\/strong>. &#8220;Mucha gente se cae. Afortunadamente, yo no&#8221;.<\/p>\n<p>En Roma, semanas de lluvia que han desbordado el r\u00edo T\u00edber nuevamente atenuaron las celebraciones navide\u00f1as del Papa Le\u00f3n XIV.\u00a0<mark><strong>La Plaza de San Pedro estaba parcialmente llena el martes, mientras unos pocos miles de personas se agolpaban bajo coloridos paraguas para escuchar al pont\u00edfice dar su bendici\u00f3n de la Epifan\u00eda desde la logia de la Bas\u00edlica de San Pedro.<\/strong><\/mark><\/p>\n<p>Roma ha sido azotada por lluvias constantes desde antes de Navidad, y el alcalde Roberto Gualtieri\u00a0<strong>emiti\u00f3 una ordenanza para el martes en la que limita el acceso p\u00fablico a parques y otras \u00e1reas con riesgo de ca\u00edda de \u00e1rboles e inundaciones.<\/strong><\/p>\n<p>M\u00e1s al norte, la nieve cubri\u00f3 Bolonia y dio a los esquiadores en los Dolomitas una raz\u00f3n para alegrarse, aunque\u00a0<mark><strong>se pronostican temperaturas bajo cero para gran parte del norte y centro de la pen\u00ednsula en los pr\u00f3ximos d\u00edas.<\/strong><\/mark><\/p>\n<p><strong>Una ola de fr\u00edo hizo descender la temperatura de Reino Unido a menos 12.5 grados Celsius durante la noche,<\/strong>\u00a0mientras la nieve interrump\u00eda el transporte ferroviario, por carretera y a\u00e9reo y obligaba al cierre de cientos de escuelas.<\/p>\n<p>Las carreras de caballos y los partidos de f\u00fatbol han sido cancelados debido a la nieve y la escarcha,\u00a0<strong>un fallo de energ\u00eda causado por el hielo cerr\u00f3 el metro de Glasgow y el Aeropuerto John Lennon de Liverpool estuvo cerrado por un tiempo el lunes.<\/strong><\/p>\n<p><mark><strong>Se pronosticaron hasta 15 cent\u00edmetros de nieve el martes para el norte de Escocia, donde algunas personas ya han quedado aisladas por nevadas anteriores.<\/strong><\/mark>\u00a0El legislador del noreste de Escocia, Andrew Bowie, dijo que la situaci\u00f3n era &#8220;cr\u00edtica&#8221; y pidi\u00f3 que se enviaran soldados para despejar la nieve y llevar alimentos y suministros m\u00e9dicos a las personas varadas.<\/p>\n<p><strong>Intensas nevadas y fuertes lluvias azotaron los pa\u00edses balc\u00e1nicos, haciendo crecer los r\u00edos y provocando problemas de tr\u00e1fico e interrupciones en los suministros de energ\u00eda y agua.<\/strong>\u00a0Una mujer muri\u00f3 el lunes en Sarajevo, la capital de Bosnia, cuando una rama de \u00e1rbol cubierta de nieve cayera sobre su cabeza. En la vecina Serbia, algunos municipios occidentales introdujeron medidas de emergencia debido al mal tiempo.<\/p>\n","protected":false},"excerpt":{"rendered":"<p>Nieve, hielo y temperaturas bajo cero afectaron partes de Europa este martes, causando condiciones de tr\u00e1fico peligrosas que dejaron al menos cinco personas muertas en Francia\u00a0y obligaron a la cancelaci\u00f3n de cientos de vuelos desde uno de los aeropuertos m\u00e1s concurridos del continente. Las autoridades de la regi\u00f3n de Landes, en el suroeste de Francia, [&hellip;]<\/p>\n","protected":false},"author":2,"featured_media":240299,"comment_status":"closed","ping_status":"closed","sticky":false,"template":"","format":"standard","meta":{"footnotes":""},"categories":[12870,182],"tags":[12865,12871],"class_list":["post-240298","post","type-post","status-publish","format-standard","has-post-thumbnail","hentry","category-destacadas","category-internacional","tag-destacadas","tag-internacional"],"jetpack_featured_media_url":"https:\/\/rnoticias.com.mx\/Portal\/wp-content\/uploads\/2026\/01\/zxiw0q87lrjppqtbqynk6mff556qq8qrta9ocuca-1024x576-1.jpg","amp_enabled":true,"_links":{"self":[{"href":"https:\/\/rnoticias.com.mx\/Portal\/wp-json\/wp\/v2\/posts\/240298","targetHints":{"allow":["GET"]}}],"collection":[{"href":"https:\/\/rnoticias.com.mx\/Portal\/wp-json\/wp\/v2\/posts"}],"about":[{"href":"https:\/\/rnoticias.com.mx\/Portal\/wp-json\/wp\/v2\/types\/post"}],"author":[{"embeddable":true,"href":"https:\/\/rnoticias.com.mx\/Portal\/wp-json\/wp\/v2\/users\/2"}],"replies":[{"embeddable":true,"href":"https:\/\/rnoticias.com.mx\/Portal\/wp-json\/wp\/v2\/comments?post=240298"}],"version-history":[{"count":1,"href":"https:\/\/rnoticias.com.mx\/Portal\/wp-json\/wp\/v2\/posts\/240298\/revisions"}],"predecessor-version":[{"id":240300,"href":"https:\/\/rnoticias.com.mx\/Portal\/wp-json\/wp\/v2\/posts\/240298\/revisions\/240300"}],"wp:featuredmedia":[{"embeddable":true,"href":"https:\/\/rnoticias.com.mx\/Portal\/wp-json\/wp\/v2\/media\/240299"}],"wp:attachment":[{"href":"https:\/\/rnoticias.com.mx\/Portal\/wp-json\/wp\/v2\/media?parent=240298"}],"wp:term":[{"taxonomy":"category","embeddable":true,"href":"https:\/\/rnoticias.com.mx\/Portal\/wp-json\/wp\/v2\/categories?post=240298"},{"taxonomy":"post_tag","embeddable":true,"href":"https:\/\/rnoticias.com.mx\/Portal\/wp-json\/wp\/v2\/tags?post=240298"}],"curies":[{"name":"wp","href":"https:\/\/api.w.org\/{rel}","templated":true}]}}