{"id":240202,"date":"2026-01-05T16:31:57","date_gmt":"2026-01-05T23:31:57","guid":{"rendered":"https:\/\/rnoticias.com.mx\/Portal\/?p=240202"},"modified":"2026-01-05T16:31:57","modified_gmt":"2026-01-05T23:31:57","slug":"victimas-del-tren-interoceanico-denunciaran-a-constructoras-y-funcionarios-ante-la-fgr","status":"publish","type":"post","link":"https:\/\/rnoticias.com.mx\/Portal\/2026\/01\/05\/victimas-del-tren-interoceanico-denunciaran-a-constructoras-y-funcionarios-ante-la-fgr\/","title":{"rendered":"V\u00edctimas del Tren Interoce\u00e1nico denunciar\u00e1n a constructoras y funcionarios ante la FGR"},"content":{"rendered":"<p>Las v\u00edctimas directas del descarrilamiento del\u00a0<strong>Tren Interoce\u00e1nico<\/strong>, ocurrido el pasado 28 de diciembre en\u00a0<strong>Oaxaca<\/strong>, presentar\u00e1n una denuncia penal ante la\u00a0<strong>Fiscal\u00eda General de la Rep\u00fablica<\/strong>\u00a0(FGR) en contra de diversas constructoras, contratistas y servidores p\u00fablicos presuntamente involucrados en los hechos que derivaron en el accidente.<\/p>\n<p>En un comunicado difundido, el despacho\u00a0<strong>Vega Mac Gregor Arellano Abogados<\/strong>\u00a0indic\u00f3 que acompa\u00f1ar\u00e1n a los afectados para formalizar la denuncia y exponer ante la autoridad las \u201cirregularidades detectadas\u201d en la\u00a0<strong>L\u00ednea Z\u00a0<\/strong>del tren.<\/p>\n<p>Esta acci\u00f3n legal busca que se investiguen posibles responsabilidades penales derivadas de omisiones y fallas t\u00e9cnicas, que provocaron el\u00a0<strong>descarrilamiento<\/strong>\u00a0y el fallecimiento de al menos 14 personas. La denuncia se presentar\u00e1 este lunes a las 11:00 horas, en la sede de la FGR delegaci\u00f3n\u00a0<strong>Ciudad de M\u00e9xico<\/strong>.<\/p>\n<p>En tanto, la presidenta\u00a0<strong>Claudia Sheinbaum<\/strong>\u00a0se\u00f1al\u00f3 que todav\u00eda se encuentran hospitalizadas 11 personas por este accidente, y asegur\u00f3 que se atiende directamente a las v\u00edctimas y familiares de las mismas. Tambi\u00e9n se\u00f1al\u00f3 que la propia FGR tiene la obligaci\u00f3n de abrir una investigaci\u00f3n para deslindar responsabilidades y determinar las causas de la tragedia.<\/p>\n<p>&nbsp;<\/p>\n<p>Fuente: Aristegui<\/p>\n","protected":false},"excerpt":{"rendered":"<p>Las v\u00edctimas directas del descarrilamiento del\u00a0Tren Interoce\u00e1nico, ocurrido el pasado 28 de diciembre en\u00a0Oaxaca, presentar\u00e1n una denuncia penal ante la\u00a0Fiscal\u00eda General de la Rep\u00fablica\u00a0(FGR) en contra de diversas constructoras, contratistas y servidores p\u00fablicos presuntamente involucrados en los hechos que derivaron en el accidente. En un comunicado difundido, el despacho\u00a0Vega Mac Gregor Arellano Abogados\u00a0indic\u00f3 que acompa\u00f1ar\u00e1n [&hellip;]<\/p>\n","protected":false},"author":2,"featured_media":240203,"comment_status":"closed","ping_status":"closed","sticky":false,"template":"","format":"standard","meta":{"footnotes":""},"categories":[12870,172],"tags":[12865,12874],"class_list":["post-240202","post","type-post","status-publish","format-standard","has-post-thumbnail","hentry","category-destacadas","category-nacional","tag-destacadas","tag-nacional"],"jetpack_featured_media_url":"https:\/\/rnoticias.com.mx\/Portal\/wp-content\/uploads\/2026\/01\/AA1Tcfiq.jpg","amp_enabled":true,"_links":{"self":[{"href":"https:\/\/rnoticias.com.mx\/Portal\/wp-json\/wp\/v2\/posts\/240202","targetHints":{"allow":["GET"]}}],"collection":[{"href":"https:\/\/rnoticias.com.mx\/Portal\/wp-json\/wp\/v2\/posts"}],"about":[{"href":"https:\/\/rnoticias.com.mx\/Portal\/wp-json\/wp\/v2\/types\/post"}],"author":[{"embeddable":true,"href":"https:\/\/rnoticias.com.mx\/Portal\/wp-json\/wp\/v2\/users\/2"}],"replies":[{"embeddable":true,"href":"https:\/\/rnoticias.com.mx\/Portal\/wp-json\/wp\/v2\/comments?post=240202"}],"version-history":[{"count":1,"href":"https:\/\/rnoticias.com.mx\/Portal\/wp-json\/wp\/v2\/posts\/240202\/revisions"}],"predecessor-version":[{"id":240204,"href":"https:\/\/rnoticias.com.mx\/Portal\/wp-json\/wp\/v2\/posts\/240202\/revisions\/240204"}],"wp:featuredmedia":[{"embeddable":true,"href":"https:\/\/rnoticias.com.mx\/Portal\/wp-json\/wp\/v2\/media\/240203"}],"wp:attachment":[{"href":"https:\/\/rnoticias.com.mx\/Portal\/wp-json\/wp\/v2\/media?parent=240202"}],"wp:term":[{"taxonomy":"category","embeddable":true,"href":"https:\/\/rnoticias.com.mx\/Portal\/wp-json\/wp\/v2\/categories?post=240202"},{"taxonomy":"post_tag","embeddable":true,"href":"https:\/\/rnoticias.com.mx\/Portal\/wp-json\/wp\/v2\/tags?post=240202"}],"curies":[{"name":"wp","href":"https:\/\/api.w.org\/{rel}","templated":true}]}}