{"id":240199,"date":"2026-01-05T16:30:45","date_gmt":"2026-01-05T23:30:45","guid":{"rendered":"https:\/\/rnoticias.com.mx\/Portal\/?p=240199"},"modified":"2026-01-05T16:30:45","modified_gmt":"2026-01-05T23:30:45","slug":"mexico-alerta-que-agresion-a-venezuela-pone-en-grave-riesgo-estabilidad-de-latinoamerica","status":"publish","type":"post","link":"https:\/\/rnoticias.com.mx\/Portal\/2026\/01\/05\/mexico-alerta-que-agresion-a-venezuela-pone-en-grave-riesgo-estabilidad-de-latinoamerica\/","title":{"rendered":"M\u00e9xico alerta que agresi\u00f3n a Venezuela pone en &#8216;grave riesgo&#8217; estabilidad de Latinoam\u00e9rica"},"content":{"rendered":"<p><strong>M\u00e9xico<\/strong>\u00a0advirti\u00f3 este lunes ante el Consejo de Seguridad de la ONU que la\u00a0<strong>&#8220;agresi\u00f3n militar&#8221;\u00a0<\/strong>de Estados Unidos contra Venezuela pone en\u00a0<strong>&#8220;grave riesgo&#8221;<\/strong>\u00a0la estabilidad pol\u00edtica y la seguridad de Am\u00e9rica Latina y el Caribe, y llam\u00f3 al \u00f3rgano a actuar con decisi\u00f3n frente a la violaci\u00f3n del derecho internacional.<\/p>\n<p>Durante una reuni\u00f3n de emergencia del Consejo, el representante permanente de M\u00e9xico ante la ONU, H\u00e9ctor Vasconcelos, afirm\u00f3 que\u00a0<strong>&#8220;el Gobierno de M\u00e9xico ha hecho expl\u00edcita ya su posici\u00f3n de condena a la agresi\u00f3n militar del pasado 3 de enero contra objetivos en territorio de Venezuela en clara violaci\u00f3n del art\u00edculo segundo de la carta de las Naciones Unidas&#8221;.<\/strong><\/p>\n<p>El embajador mexicano record\u00f3 que, pese a las diferencias pol\u00edticas, Am\u00e9rica Latina y el Caribe se ha forjado como una zona de paz, y advirti\u00f3 que\u00a0<strong>&#8220;la violaci\u00f3n actual de este fr\u00e1gil equilibrio pone en grave riesgo la estabilidad pol\u00edtica y la seguridad de la regi\u00f3n, as\u00ed como el bienestar de nuestros pueblos&#8221;.<\/strong><\/p>\n<p>El diplom\u00e1tico sostuvo que estas acciones<strong>\u00a0&#8220;no deben permitirse, pues constituyen un severo golpe a la carta y al multilateralismo&#8221;<\/strong>, y alert\u00f3 sobre las consecuencias regionales del uso de la fuerza.<\/p>\n<p><strong>&#8220;La ret\u00f3rica que apunta hacia un escalamiento o expansi\u00f3n de las acciones militares, incluidos otros pa\u00edses de nuestra regi\u00f3n amenaza la estabilidad regional&#8221;<\/strong>, subray\u00f3.<\/p>\n<p>Asimismo, advirti\u00f3 que los cambios de r\u00e9gimen por actores externos y la aplicaci\u00f3n de medidas extraterritoriales no solo son actos contrarios al derecho internacional, sino que hist\u00f3ricamente han agudizado conflictos y fragilizado el tejido social y pol\u00edtico de las naciones.<\/p>\n<p>Vasconcelos reiter\u00f3 que M\u00e9xico, en apego a sus principios constitucionales de pol\u00edtica exterior y a su vocaci\u00f3n pacifista, considera que\u00a0<strong>&#8220;el di\u00e1logo y la negociaci\u00f3n son las \u00fanicas v\u00edas leg\u00edtimas y eficaces para resolver las diferencias existentes&#8221;.<\/strong><\/p>\n<p>En ese sentido, retom\u00f3 el llamado de la presidenta de M\u00e9xico, Claudia Sheinbaum, para que la ONU intensifique sus gestiones y reafirm\u00f3 que el pa\u00eds est\u00e1 dispuesto a\u00a0<strong>&#8220;apoyar cualquier esfuerzo de facilitaci\u00f3n del di\u00e1logo, mediaci\u00f3n o acompa\u00f1amiento que promueva la paz en la regi\u00f3n&#8221;.<\/strong><\/p>\n<p>Finalmente, lament\u00f3 que el Consejo de Seguridad haya abordado la crisis hasta ahora y se\u00f1al\u00f3 que se trata de\u00a0<strong>&#8220;una grave situaci\u00f3n que pone en riesgo la paz y la seguridad internacionales&#8221;.<\/strong><\/p>\n","protected":false},"excerpt":{"rendered":"<p>M\u00e9xico\u00a0advirti\u00f3 este lunes ante el Consejo de Seguridad de la ONU que la\u00a0&#8220;agresi\u00f3n militar&#8221;\u00a0de Estados Unidos contra Venezuela pone en\u00a0&#8220;grave riesgo&#8221;\u00a0la estabilidad pol\u00edtica y la seguridad de Am\u00e9rica Latina y el Caribe, y llam\u00f3 al \u00f3rgano a actuar con decisi\u00f3n frente a la violaci\u00f3n del derecho internacional. Durante una reuni\u00f3n de emergencia del Consejo, el [&hellip;]<\/p>\n","protected":false},"author":2,"featured_media":240200,"comment_status":"closed","ping_status":"closed","sticky":false,"template":"","format":"standard","meta":{"footnotes":""},"categories":[12870,12868],"tags":[12865,12879],"class_list":["post-240199","post","type-post","status-publish","format-standard","has-post-thumbnail","hentry","category-destacadas","category-politica","tag-destacadas","tag-politica"],"jetpack_featured_media_url":"https:\/\/rnoticias.com.mx\/Portal\/wp-content\/uploads\/2026\/01\/IMG_4407.jpeg","amp_enabled":true,"_links":{"self":[{"href":"https:\/\/rnoticias.com.mx\/Portal\/wp-json\/wp\/v2\/posts\/240199","targetHints":{"allow":["GET"]}}],"collection":[{"href":"https:\/\/rnoticias.com.mx\/Portal\/wp-json\/wp\/v2\/posts"}],"about":[{"href":"https:\/\/rnoticias.com.mx\/Portal\/wp-json\/wp\/v2\/types\/post"}],"author":[{"embeddable":true,"href":"https:\/\/rnoticias.com.mx\/Portal\/wp-json\/wp\/v2\/users\/2"}],"replies":[{"embeddable":true,"href":"https:\/\/rnoticias.com.mx\/Portal\/wp-json\/wp\/v2\/comments?post=240199"}],"version-history":[{"count":1,"href":"https:\/\/rnoticias.com.mx\/Portal\/wp-json\/wp\/v2\/posts\/240199\/revisions"}],"predecessor-version":[{"id":240201,"href":"https:\/\/rnoticias.com.mx\/Portal\/wp-json\/wp\/v2\/posts\/240199\/revisions\/240201"}],"wp:featuredmedia":[{"embeddable":true,"href":"https:\/\/rnoticias.com.mx\/Portal\/wp-json\/wp\/v2\/media\/240200"}],"wp:attachment":[{"href":"https:\/\/rnoticias.com.mx\/Portal\/wp-json\/wp\/v2\/media?parent=240199"}],"wp:term":[{"taxonomy":"category","embeddable":true,"href":"https:\/\/rnoticias.com.mx\/Portal\/wp-json\/wp\/v2\/categories?post=240199"},{"taxonomy":"post_tag","embeddable":true,"href":"https:\/\/rnoticias.com.mx\/Portal\/wp-json\/wp\/v2\/tags?post=240199"}],"curies":[{"name":"wp","href":"https:\/\/api.w.org\/{rel}","templated":true}]}}