{"id":240146,"date":"2026-01-04T09:46:58","date_gmt":"2026-01-04T16:46:58","guid":{"rendered":"https:\/\/rnoticias.com.mx\/Portal\/?p=240146"},"modified":"2026-01-04T09:46:58","modified_gmt":"2026-01-04T16:46:58","slug":"muere-cantante-de-regional-de-forma-violenta-lo-acribillaron-en-irapuato","status":"publish","type":"post","link":"https:\/\/rnoticias.com.mx\/Portal\/2026\/01\/04\/muere-cantante-de-regional-de-forma-violenta-lo-acribillaron-en-irapuato\/","title":{"rendered":"Muere cantante de regional de forma violenta; lo acribillaron en Irapuato"},"content":{"rendered":"<p data-t=\"{&quot;n&quot;:&quot;blueLinks&quot;,&quot;t&quot;:13,&quot;a&quot;:&quot;click&quot;,&quot;b&quot;:76}\">El mundo del entretenimiento y la\u00a0<b>m\u00fasica\u00a0<\/b>se viste de luto tras confirmarse el asesinato en Irapuato de\u00a0<b>Giovanni Vera<\/b>, cantante de regional y vocalista de la\u00a0<i>Banda Gota de Oro<\/i>.<\/p>\n<p data-t=\"{&quot;n&quot;:&quot;blueLinks&quot;,&quot;t&quot;:13,&quot;a&quot;:&quot;click&quot;,&quot;b&quot;:76}\">La noticia se dio a conocer al cierre del 2025 y ha conmocionado tanto a seguidores como a colegas del g\u00e9nero.<\/p>\n<p data-t=\"{&quot;n&quot;:&quot;blueLinks&quot;,&quot;t&quot;:13,&quot;a&quot;:&quot;click&quot;,&quot;b&quot;:76}\">El tr\u00e1gico suceso ocurri\u00f3 el\u00a0<b>domingo 28 de diciembre<\/b>\u00a0en un domicilio de la colonia Los Presidentes, en\u00a0<b>Irapuato<\/b>, Guanajuato, cuando se desat\u00f3 una\u00a0<b>agresi\u00f3n armada en pleno evento privado<\/b>.<\/p>\n<p data-t=\"{&quot;n&quot;:&quot;blueLinks&quot;,&quot;t&quot;:13,&quot;a&quot;:&quot;click&quot;,&quot;b&quot;:76}\">La balacera dej\u00f3 un saldo de\u00a0<b>cinco personas sin vida<\/b>, entre ellas el cantante de regional, identificado oficialmente como Giovanni Vera, as\u00ed como otras cuatro v\u00edctimas que acompa\u00f1aban al artista en ese momento.<\/p>\n<h2 class=\"article-sub-heading\"><b>Cantante de regional pierde la vida en ataque en Irapuato<\/b><\/h2>\n<p class=\"continue-read-break\" data-t=\"{&quot;n&quot;:&quot;blueLinks&quot;,&quot;t&quot;:13,&quot;a&quot;:&quot;click&quot;,&quot;b&quot;:76}\">La agrupaci\u00f3n\u00a0<i>Banda Gota de Oro<\/i>\u00a0confirm\u00f3 el deceso de su vocalista a trav\u00e9s de redes sociales, donde compartieron un emotivo mensaje dirigido a sus seguidores y seres queridos. En el post, recordaron al cantante con cari\u00f1o y agradecieron el legado musical que dej\u00f3:<\/p>\n<blockquote><p>\u201cHoy el cielo se viste de fiesta porque t\u00fa cantas all\u00e1 arriba. Tu voz y tu alegr\u00eda vivir\u00e1n siempre en nosotros. Gracias por todo lo que dejaste en la tierra, descansa en paz, grande de coraz\u00f3n.\u201d<\/p><\/blockquote>\n<p data-t=\"{&quot;n&quot;:&quot;blueLinks&quot;,&quot;t&quot;:13,&quot;a&quot;:&quot;click&quot;,&quot;b&quot;:76}\">Tras el ataque, la banda tambi\u00e9n public\u00f3 en Instagram un video con algunos de los momentos m\u00e1s representativos de Vera, celebrando su carrera y su entrega al p\u00fablico. Las reacciones de los fans no se hicieron esperar, llenando de mensajes de apoyo y tristeza las publicaciones oficiales.<\/p>\n<h2 class=\"article-sub-heading\">Su \u00faltimo mensaje<\/h2>\n<p data-t=\"{&quot;n&quot;:&quot;blueLinks&quot;,&quot;t&quot;:13,&quot;a&quot;:&quot;click&quot;,&quot;b&quot;:76}\">La violencia que cobr\u00f3 la vida de Giovanni Vera ha generado una ola de cr\u00edticas y exigencias de justicia entre la comunidad art\u00edstica y seguidores del g\u00e9nero. Autoridades locales han iniciado las investigaciones correspondientes para dar con los responsables de este crimen que enluta a la escena musical en\u00a0<b>Irapuato<\/b>.<\/p>\n<p data-t=\"{&quot;n&quot;:&quot;blueLinks&quot;,&quot;t&quot;:13,&quot;a&quot;:&quot;click&quot;,&quot;b&quot;:76}\">El asesinato de este\u00a0<b>cantante de regional mexicano<\/b>\u00a0se suma a una larga lista de p\u00e9rdidas que el g\u00e9nero ha sufrido a lo largo de los a\u00f1os no s\u00f3lo en Irapuato, recordando la vulnerabilidad de los artistas frente a la violencia en diversas regiones del pa\u00eds.<\/p>\n<p data-t=\"{&quot;n&quot;:&quot;blueLinks&quot;,&quot;t&quot;:13,&quot;a&quot;:&quot;click&quot;,&quot;b&quot;:76}\">Tristemente, el vocalita estaba por celebrar su cumplea\u00f1os en los primeros d\u00edas de enero, para lo cual, buscaba contratar a alguna agrupaci\u00f3n que amenizara la fiesta. Su \u00faltima mensaje en redes fue el siguiente:<\/p>\n<blockquote><p><strong>\u201c\u00bfAlg\u00fan norte\u00f1o libre para el 10 de enero de 7 pm a 11 pm?\u201d, escribi\u00f3.<\/strong><\/p><\/blockquote>\n","protected":false},"excerpt":{"rendered":"<p>El mundo del entretenimiento y la\u00a0m\u00fasica\u00a0se viste de luto tras confirmarse el asesinato en Irapuato de\u00a0Giovanni Vera, cantante de regional y vocalista de la\u00a0Banda Gota de Oro. La noticia se dio a conocer al cierre del 2025 y ha conmocionado tanto a seguidores como a colegas del g\u00e9nero. El tr\u00e1gico suceso ocurri\u00f3 el\u00a0domingo 28 de [&hellip;]<\/p>\n","protected":false},"author":2,"featured_media":240147,"comment_status":"closed","ping_status":"closed","sticky":false,"template":"","format":"standard","meta":{"footnotes":""},"categories":[12870,219],"tags":[12865,12875],"class_list":["post-240146","post","type-post","status-publish","format-standard","has-post-thumbnail","hentry","category-destacadas","category-espectaculos","tag-destacadas","tag-espectaculos"],"jetpack_featured_media_url":"https:\/\/rnoticias.com.mx\/Portal\/wp-content\/uploads\/2026\/01\/49.png","amp_enabled":true,"_links":{"self":[{"href":"https:\/\/rnoticias.com.mx\/Portal\/wp-json\/wp\/v2\/posts\/240146","targetHints":{"allow":["GET"]}}],"collection":[{"href":"https:\/\/rnoticias.com.mx\/Portal\/wp-json\/wp\/v2\/posts"}],"about":[{"href":"https:\/\/rnoticias.com.mx\/Portal\/wp-json\/wp\/v2\/types\/post"}],"author":[{"embeddable":true,"href":"https:\/\/rnoticias.com.mx\/Portal\/wp-json\/wp\/v2\/users\/2"}],"replies":[{"embeddable":true,"href":"https:\/\/rnoticias.com.mx\/Portal\/wp-json\/wp\/v2\/comments?post=240146"}],"version-history":[{"count":1,"href":"https:\/\/rnoticias.com.mx\/Portal\/wp-json\/wp\/v2\/posts\/240146\/revisions"}],"predecessor-version":[{"id":240148,"href":"https:\/\/rnoticias.com.mx\/Portal\/wp-json\/wp\/v2\/posts\/240146\/revisions\/240148"}],"wp:featuredmedia":[{"embeddable":true,"href":"https:\/\/rnoticias.com.mx\/Portal\/wp-json\/wp\/v2\/media\/240147"}],"wp:attachment":[{"href":"https:\/\/rnoticias.com.mx\/Portal\/wp-json\/wp\/v2\/media?parent=240146"}],"wp:term":[{"taxonomy":"category","embeddable":true,"href":"https:\/\/rnoticias.com.mx\/Portal\/wp-json\/wp\/v2\/categories?post=240146"},{"taxonomy":"post_tag","embeddable":true,"href":"https:\/\/rnoticias.com.mx\/Portal\/wp-json\/wp\/v2\/tags?post=240146"}],"curies":[{"name":"wp","href":"https:\/\/api.w.org\/{rel}","templated":true}]}}