{"id":240101,"date":"2026-01-04T08:42:58","date_gmt":"2026-01-04T15:42:58","guid":{"rendered":"https:\/\/rnoticias.com.mx\/Portal\/?p=240101"},"modified":"2026-01-04T08:42:58","modified_gmt":"2026-01-04T15:42:58","slug":"gobernadores-de-morena-condenan-intervencion-de-ee-uu-en-venezuela-y-respaldan-postura-de-sheinbaum","status":"publish","type":"post","link":"https:\/\/rnoticias.com.mx\/Portal\/2026\/01\/04\/gobernadores-de-morena-condenan-intervencion-de-ee-uu-en-venezuela-y-respaldan-postura-de-sheinbaum\/","title":{"rendered":"Gobernadores de Morena condenan intervenci\u00f3n de EE.UU. en Venezuela y respaldan postura de Sheinbaum"},"content":{"rendered":"<p><strong>Las y los gobernadores emanados de Morena\u00a0expresaron su\u00a0respaldo pleno y decidido\u00a0a la postura de pol\u00edtica exterior y de seguridad encabezada por la presidenta de M\u00e9xico,\u00a0Claudia Sheinbaum Pardo<\/strong>, tras la intervenci\u00f3n militar de Estados Unidos en territorio venezolano.<\/p>\n<p>A trav\u00e9s de un pronunciamiento conjunto, con fecha del s\u00e1bado 3 de enero de 2026, las y los mandatarios estatales condenaron las acciones unilaterales emprendidas contra Venezuela y reafirmaron que\u00a0M\u00e9xico mantiene una pol\u00edtica exterior basada en la defensa de la soberan\u00eda, el derecho internacional y la soluci\u00f3n pac\u00edfica de los conflictos.<\/p>\n<p><strong>&#8216;El respaldo es absoluto a la postura constitucional y de principios expresada por la Presidenta de la Rep\u00fablica, convencidos de que todo conflicto debe resolverse por la v\u00eda del derecho y mediante los organismos internacionales&#8217;<\/strong>, se\u00f1alaron.<\/p>\n<p>Asimismo, reconocieron el liderazgo de Sheinbaum Pardo,<strong>\u00a0as\u00ed como la coordinaci\u00f3n permanente con el Gabinete de Seguridad federal, destacando que la estrategia nacional ha comenzado a arrojar\u00a0resultados verificables, entre ellos la\u00a0reducci\u00f3n del 37%\u00a0<\/strong>en el promedio diario de homicidios dolosos, de acuerdo con cifras oficiales.<\/p>\n<p>Tambi\u00e9n subrayaron el papel de las\u00a0Fuerzas Armadas y la Guardia Nacional,\u00a0<strong>cuyo actuar -afirmaron- se rige por el respeto a la Constituci\u00f3n, los derechos humanos y el compromiso con la ciudadan\u00eda.<\/strong><\/p>\n<p>Por \u00faltimo,<strong>\u00a0las y los gobernadores reiteraron su compromiso de\u00a0mantener una coordinaci\u00f3n permanente y corresponsable con el Gobierno federal,\u00a0<\/strong>sumando capacidades e informaci\u00f3n para fortalecer la gobernabilidad democr\u00e1tica y la paz social en todas las entidades del pa\u00eds.<\/p>\n<p>&nbsp;<\/p>\n<p>Fuente: Publimetro<\/p>\n","protected":false},"excerpt":{"rendered":"<p>Las y los gobernadores emanados de Morena\u00a0expresaron su\u00a0respaldo pleno y decidido\u00a0a la postura de pol\u00edtica exterior y de seguridad encabezada por la presidenta de M\u00e9xico,\u00a0Claudia Sheinbaum Pardo, tras la intervenci\u00f3n militar de Estados Unidos en territorio venezolano. A trav\u00e9s de un pronunciamiento conjunto, con fecha del s\u00e1bado 3 de enero de 2026, las y los [&hellip;]<\/p>\n","protected":false},"author":2,"featured_media":240102,"comment_status":"closed","ping_status":"closed","sticky":false,"template":"","format":"standard","meta":{"footnotes":""},"categories":[12870,12868],"tags":[12865,12879],"class_list":["post-240101","post","type-post","status-publish","format-standard","has-post-thumbnail","hentry","category-destacadas","category-politica","tag-destacadas","tag-politica"],"jetpack_featured_media_url":"https:\/\/rnoticias.com.mx\/Portal\/wp-content\/uploads\/2026\/01\/respaldo-morena-f701a139.jpg","amp_enabled":true,"_links":{"self":[{"href":"https:\/\/rnoticias.com.mx\/Portal\/wp-json\/wp\/v2\/posts\/240101","targetHints":{"allow":["GET"]}}],"collection":[{"href":"https:\/\/rnoticias.com.mx\/Portal\/wp-json\/wp\/v2\/posts"}],"about":[{"href":"https:\/\/rnoticias.com.mx\/Portal\/wp-json\/wp\/v2\/types\/post"}],"author":[{"embeddable":true,"href":"https:\/\/rnoticias.com.mx\/Portal\/wp-json\/wp\/v2\/users\/2"}],"replies":[{"embeddable":true,"href":"https:\/\/rnoticias.com.mx\/Portal\/wp-json\/wp\/v2\/comments?post=240101"}],"version-history":[{"count":1,"href":"https:\/\/rnoticias.com.mx\/Portal\/wp-json\/wp\/v2\/posts\/240101\/revisions"}],"predecessor-version":[{"id":240103,"href":"https:\/\/rnoticias.com.mx\/Portal\/wp-json\/wp\/v2\/posts\/240101\/revisions\/240103"}],"wp:featuredmedia":[{"embeddable":true,"href":"https:\/\/rnoticias.com.mx\/Portal\/wp-json\/wp\/v2\/media\/240102"}],"wp:attachment":[{"href":"https:\/\/rnoticias.com.mx\/Portal\/wp-json\/wp\/v2\/media?parent=240101"}],"wp:term":[{"taxonomy":"category","embeddable":true,"href":"https:\/\/rnoticias.com.mx\/Portal\/wp-json\/wp\/v2\/categories?post=240101"},{"taxonomy":"post_tag","embeddable":true,"href":"https:\/\/rnoticias.com.mx\/Portal\/wp-json\/wp\/v2\/tags?post=240101"}],"curies":[{"name":"wp","href":"https:\/\/api.w.org\/{rel}","templated":true}]}}