{"id":240086,"date":"2026-01-04T08:11:23","date_gmt":"2026-01-04T15:11:23","guid":{"rendered":"https:\/\/rnoticias.com.mx\/Portal\/?p=240086"},"modified":"2026-01-04T08:11:23","modified_gmt":"2026-01-04T15:11:23","slug":"onu-abordara-operacion-de-washington-en-caracas","status":"publish","type":"post","link":"https:\/\/rnoticias.com.mx\/Portal\/2026\/01\/04\/onu-abordara-operacion-de-washington-en-caracas\/","title":{"rendered":"ONU abordar\u00e1 operaci\u00f3n de Washington en Caracas"},"content":{"rendered":"<p>El Consejo de Seguridad de la ONU se reunir\u00e1 de urgencia ma\u00f1ana tras el ataque a\u00e9reo de Estados Unidos contra Venezuela y la captura del presidente venezolano, Nicol\u00e1s Maduro, y de su esposa, la diputada\u00a0Cilia\u00a0Flores.<\/p>\n<p>Colombia impuls\u00f3 la convocatoria de la reuni\u00f3n, propuesta que fue respaldada oficialmente por Rusia y China, miembros permanentes del Consejo de Seguridad. La presidencia rotatoria del Consejo, que este mes de enero corresponde a Somalia, aprob\u00f3 la convocatoria. La reuni\u00f3n, catalogada como una discusi\u00f3n sobre amenazas a la paz y la seguridad internacionales, seg\u00fan el programa oficial de reuniones del Consejo de Seguridad de la ONU.<\/p>\n<p><strong>El propio Gobierno venezolano hab\u00eda solicitado una reuni\u00f3n del Consejo de Seguridad tras los ataques, que cayeron sobre infraestructuras civiles y militares y se cobraron la vida de personas en la capital y los Estados cercanos de La Guaira, Miranda y Aragua<\/strong>, si bien no precis\u00f3 m\u00e1s detalles al respecto.<\/p>\n<p>\u201cEsta es una guerra colonial cuyo objetivo es destruir nuestra forma de gobierno republicana, elegida libremente por nuestro pueblo, e imponer un gobierno t\u00edtere que permita el saqueo de nuestros recursos naturales, incluidas las mayores reservas de petr\u00f3leo del mundo\u201d, escribi\u00f3 el embajador de Venezuela ante la ONU, Samuel Moncada, al Consejo de Seguridad de la ONU.<\/p>\n<p>Por su parte,\u00a0<strong>un portavoz del secretario general de la ONU, Ant\u00f3nio Guterres, asegur\u00f3 que la acci\u00f3n militar constituye \u201cun precedente peligroso\u201d<\/strong>.<\/p>\n<p>Guterres\u00a0asegur\u00f3 que est\u00e1 profundamente alarmado por la reciente escalada en Venezuela, lo que podr\u00eda tener \u201cpreocupantes implicaciones para la regi\u00f3n\u201d.<\/p>\n<p>Subray\u00f3 \u201cla importancia del pleno respeto -por parte de todos- del derecho internacional, incluida la Carta de las Naciones Unidas\u201d y pidi\u00f3 a las partes \u201centablar un di\u00e1logo inclusivo, con pleno respeto a los derechos humanos y al Estado de derecho\u201d.<\/p>\n<div class=\"div-pos-7\"><\/div>\n<p>EFE<\/p>\n<p>&nbsp;<\/p>\n<h4><strong>\u00bfQu\u00e9 dice la organizaci\u00f3n sobre la intervenci\u00f3n militar?<\/strong><\/h4>\n<p>En el\u00a0<strong>art\u00edculo 2 p\u00e1rrafo 3, del \u201cCap\u00edtulo I: Prop\u00f3sitos y principios\u201d<\/strong>, la Carta de la ONU menciona que todos los miembros de la organizaci\u00f3n deber\u00e1n \u201carreglar sus controversias internacionales por medios pac\u00edficos de tal manera que no se pongan en peligro la paz y la seguridad internacionales ni la justicia\u201d.<\/p>\n<p>En el p\u00e1rrafo posterior, se\u00f1ala que, en sus relaciones internacionales, los miembros deber\u00e1n \u201cabstenerse de recurrir a la amenaza o al uso de la fuerza contra la integridad territorial o la independencia pol\u00edtica de cualquier Estado, o en cualquier forma incompatible con los Prop\u00f3sitos de las Naciones Unidas\u201d.<\/p>\n<p>Por otro lado,\u00a0<strong>en el art\u00edculo 39 del \u201cCap\u00edtulo VII<\/strong>: Acci\u00f3n en caso de las amenazas a la paz, quebrantamientos de la paz o actos de agresi\u00f3n\u201d, la Carta explica que el Consejo de Seguridad ser\u00e1 el \u00fanico encargado de determinar \u201cla existencia de toda amenaza a la paz, quebrantamiento de la paz o acto de agresi\u00f3n y har\u00e1 recomendaciones o decidir\u00e1 qu\u00e9 medidas ser\u00e1n tomadas para mantener o restablecer la paz\u201d.<\/p>\n","protected":false},"excerpt":{"rendered":"<p>El Consejo de Seguridad de la ONU se reunir\u00e1 de urgencia ma\u00f1ana tras el ataque a\u00e9reo de Estados Unidos contra Venezuela y la captura del presidente venezolano, Nicol\u00e1s Maduro, y de su esposa, la diputada\u00a0Cilia\u00a0Flores. Colombia impuls\u00f3 la convocatoria de la reuni\u00f3n, propuesta que fue respaldada oficialmente por Rusia y China, miembros permanentes del Consejo [&hellip;]<\/p>\n","protected":false},"author":2,"featured_media":240087,"comment_status":"closed","ping_status":"closed","sticky":false,"template":"","format":"standard","meta":{"footnotes":""},"categories":[12870,182],"tags":[12865,12871],"class_list":["post-240086","post","type-post","status-publish","format-standard","has-post-thumbnail","hentry","category-destacadas","category-internacional","tag-destacadas","tag-internacional"],"jetpack_featured_media_url":"https:\/\/rnoticias.com.mx\/Portal\/wp-content\/uploads\/2026\/01\/image1170x530cropped.jpg","amp_enabled":true,"_links":{"self":[{"href":"https:\/\/rnoticias.com.mx\/Portal\/wp-json\/wp\/v2\/posts\/240086","targetHints":{"allow":["GET"]}}],"collection":[{"href":"https:\/\/rnoticias.com.mx\/Portal\/wp-json\/wp\/v2\/posts"}],"about":[{"href":"https:\/\/rnoticias.com.mx\/Portal\/wp-json\/wp\/v2\/types\/post"}],"author":[{"embeddable":true,"href":"https:\/\/rnoticias.com.mx\/Portal\/wp-json\/wp\/v2\/users\/2"}],"replies":[{"embeddable":true,"href":"https:\/\/rnoticias.com.mx\/Portal\/wp-json\/wp\/v2\/comments?post=240086"}],"version-history":[{"count":1,"href":"https:\/\/rnoticias.com.mx\/Portal\/wp-json\/wp\/v2\/posts\/240086\/revisions"}],"predecessor-version":[{"id":240088,"href":"https:\/\/rnoticias.com.mx\/Portal\/wp-json\/wp\/v2\/posts\/240086\/revisions\/240088"}],"wp:featuredmedia":[{"embeddable":true,"href":"https:\/\/rnoticias.com.mx\/Portal\/wp-json\/wp\/v2\/media\/240087"}],"wp:attachment":[{"href":"https:\/\/rnoticias.com.mx\/Portal\/wp-json\/wp\/v2\/media?parent=240086"}],"wp:term":[{"taxonomy":"category","embeddable":true,"href":"https:\/\/rnoticias.com.mx\/Portal\/wp-json\/wp\/v2\/categories?post=240086"},{"taxonomy":"post_tag","embeddable":true,"href":"https:\/\/rnoticias.com.mx\/Portal\/wp-json\/wp\/v2\/tags?post=240086"}],"curies":[{"name":"wp","href":"https:\/\/api.w.org\/{rel}","templated":true}]}}