{"id":239916,"date":"2025-12-30T16:14:58","date_gmt":"2025-12-30T23:14:58","guid":{"rendered":"https:\/\/rnoticias.com.mx\/Portal\/?p=239916"},"modified":"2025-12-30T16:14:58","modified_gmt":"2025-12-30T23:14:58","slug":"fiscalia-de-veracruz-no-logra-acreditar-acusacion-de-terrorismo-contra-periodista","status":"publish","type":"post","link":"https:\/\/rnoticias.com.mx\/Portal\/2025\/12\/30\/fiscalia-de-veracruz-no-logra-acreditar-acusacion-de-terrorismo-contra-periodista\/","title":{"rendered":"Fiscal\u00eda de Veracruz no logra acreditar acusaci\u00f3n de terrorismo contra periodista"},"content":{"rendered":"<p class=\"nota-justify\"><i>Veracruz, Ver.\u00a0<\/i>La Fiscal\u00eda General del Estado de Veracruz no pudo sostener la acusaci\u00f3n de terrorismo en contra del periodista Rafael \u201cN\u201d, luego de que el comunicador fue detenido el pasado 24 de diciembre.<\/p>\n<p class=\"nota-justify\">Luego de mas de seis horas de audiencia durante este martes 30 de diciembre, el juez encargado determino vincular al reportero de nota roja por los delitos de encubrimiento por favorecimiento y contra las instituciones de seguridad p\u00fablica, sin embargo la imputaci\u00f3n de terrorismo fue desechada.<\/p>\n<p class=\"nota-justify\">La autoridad judicial determin\u00f3 que Rafael \u201cN\u201d se mantenga bajo la medida cautelar de resguardo domiciliario durante un a\u00f1o, mientras que la FGE realiza las diligencias necesarias para complementar su investigaci\u00f3n.<\/p>\n<p class=\"nota-justify\">Ante dicha decisi\u00f3n, Rafael \u201cN\u201d, expres\u00f3 su alegr\u00eda por el desechamiento de la acusaci\u00f3n de terrorismo y se\u00f1al\u00f3 que el juez reprobable del caso se mantuvo en todo momento apegado a la ley.<\/p>\n<p class=\"nota-justify\">En ese sentido, acus\u00f3 que la Fiscal\u00eda Regional de Coatzacoalcos ha emprendido una persecuci\u00f3n en su contra debido a las publicaciones y notas que ha dado a conocer en torno a lo que ocurre en la zona sur del estado.<\/p>\n<p class=\"nota-justify\">A\u00f1adi\u00f3 que durante su detenci\u00f3n sufri\u00f3 diversas agresiones y violaciones a sus derechos humanos por parte de diversas autoridades.<\/p>\n<p class=\"nota-justify\">\u201cEstoy contento porque fue conforme a la ley (la audiencia), aqu\u00ed la Fiscal\u00eda es la que me odia, me detesta por las cosas que he puesto, (\u2026) me quer\u00edan destrozar desde el primer momento del 24 de diciembre\u201d, expres\u00f3.<\/p>\n<p class=\"nota-justify\">Por su parte, Lisbeth Aurelia Jim\u00e9nez Aguirre, Fiscal General del Estado de Veracruz, indic\u00f3 que las investigaciones en contra del periodista contin\u00faan por parte de la instituci\u00f3n a su cargo, pero \u00fanicamente por los dos delitos que fueron acreditados para la vinculaci\u00f3n.<\/p>\n<p class=\"nota-justify\">Asimismo, insisti\u00f3 en que la FGE ha procedido en todo momento con apego irrestricto a la ley y respetando la libertad de expresi\u00f3n, adem\u00e1s de que el proceso legal se ha desarrollado de manera debida para todos los involucrados.<\/p>\n<p class=\"nota-justify\">\u201cSe continuar\u00e1 el proceso en contra del ahora imputado, (\u2026) esta instituci\u00f3n act\u00faa con estricto respeto a la libertad de expresi\u00f3n y al ejercicio period\u00edstico, garantizando en todo momento el debido proceso a las personas involucradas\u201d, coment\u00f3.<\/p>\n<p class=\"nota-justify\">Cabe recordar que el pasado 24 de diciembre fue detenido Rafael Le\u00f3n Segovia, conocido como\u00a0<i>Lafita Le\u00f3n\u00a0<\/i>acusado de diversos delitos, presuntamente relacionados con informaci\u00f3n que llegaba a su tel\u00e9fono celular.<\/p>\n<p class=\"nota-justify\">Desde el momento de su aprehensi\u00f3n diversas organizaciones en defensa de la libertad de expresi\u00f3n, nacionales e internacionales, expresaron su preocupaci\u00f3n e hicieron un llamado a las autoridades para garantizar el debido proceso.<\/p>\n<p>&nbsp;<\/p>\n<p>Fuente: La Jornada<\/p>\n","protected":false},"excerpt":{"rendered":"<p>Veracruz, Ver.\u00a0La Fiscal\u00eda General del Estado de Veracruz no pudo sostener la acusaci\u00f3n de terrorismo en contra del periodista Rafael \u201cN\u201d, luego de que el comunicador fue detenido el pasado 24 de diciembre. Luego de mas de seis horas de audiencia durante este martes 30 de diciembre, el juez encargado determino vincular al reportero de [&hellip;]<\/p>\n","protected":false},"author":2,"featured_media":239917,"comment_status":"closed","ping_status":"closed","sticky":false,"template":"","format":"standard","meta":{"footnotes":""},"categories":[12870,172],"tags":[12865,12874],"class_list":["post-239916","post","type-post","status-publish","format-standard","has-post-thumbnail","hentry","category-destacadas","category-nacional","tag-destacadas","tag-nacional"],"jetpack_featured_media_url":"https:\/\/rnoticias.com.mx\/Portal\/wp-content\/uploads\/2025\/12\/rafael_lexn_segovia-vinculacixn_a_proceso-veracruz.jpg_835299499.webp","amp_enabled":true,"_links":{"self":[{"href":"https:\/\/rnoticias.com.mx\/Portal\/wp-json\/wp\/v2\/posts\/239916","targetHints":{"allow":["GET"]}}],"collection":[{"href":"https:\/\/rnoticias.com.mx\/Portal\/wp-json\/wp\/v2\/posts"}],"about":[{"href":"https:\/\/rnoticias.com.mx\/Portal\/wp-json\/wp\/v2\/types\/post"}],"author":[{"embeddable":true,"href":"https:\/\/rnoticias.com.mx\/Portal\/wp-json\/wp\/v2\/users\/2"}],"replies":[{"embeddable":true,"href":"https:\/\/rnoticias.com.mx\/Portal\/wp-json\/wp\/v2\/comments?post=239916"}],"version-history":[{"count":1,"href":"https:\/\/rnoticias.com.mx\/Portal\/wp-json\/wp\/v2\/posts\/239916\/revisions"}],"predecessor-version":[{"id":239918,"href":"https:\/\/rnoticias.com.mx\/Portal\/wp-json\/wp\/v2\/posts\/239916\/revisions\/239918"}],"wp:featuredmedia":[{"embeddable":true,"href":"https:\/\/rnoticias.com.mx\/Portal\/wp-json\/wp\/v2\/media\/239917"}],"wp:attachment":[{"href":"https:\/\/rnoticias.com.mx\/Portal\/wp-json\/wp\/v2\/media?parent=239916"}],"wp:term":[{"taxonomy":"category","embeddable":true,"href":"https:\/\/rnoticias.com.mx\/Portal\/wp-json\/wp\/v2\/categories?post=239916"},{"taxonomy":"post_tag","embeddable":true,"href":"https:\/\/rnoticias.com.mx\/Portal\/wp-json\/wp\/v2\/tags?post=239916"}],"curies":[{"name":"wp","href":"https:\/\/api.w.org\/{rel}","templated":true}]}}