{"id":239907,"date":"2025-12-30T16:09:12","date_gmt":"2025-12-30T23:09:12","guid":{"rendered":"https:\/\/rnoticias.com.mx\/Portal\/?p=239907"},"modified":"2025-12-30T16:09:12","modified_gmt":"2025-12-30T23:09:12","slug":"federacion-cubana-considera-irrespetuosa-su-aparente-exclusion-de-la-serie-del-caribe","status":"publish","type":"post","link":"https:\/\/rnoticias.com.mx\/Portal\/2025\/12\/30\/federacion-cubana-considera-irrespetuosa-su-aparente-exclusion-de-la-serie-del-caribe\/","title":{"rendered":"Federaci\u00f3n cubana considera irrespetuosa su aparente exclusi\u00f3n de la Serie del Caribe"},"content":{"rendered":"<p><i>La Habana<\/i>. La Federaci\u00f3n Cubana de Beisbol y Softbol consider\u00f3 irrespetuosa su exclusi\u00f3n de la Serie del Caribe 2026, que finalmente se realizar\u00e1 en M\u00e9xico, como consecuencia de la tensi\u00f3n que ha provocado Estados Unidos en Venezuela, la sede que hab\u00eda sido elegida en principio.<\/p>\n<p>En una declaraci\u00f3n, precis\u00f3 que aunque la invitaci\u00f3n recibida se gener\u00f3 desde Venezuela, en su condici\u00f3n de sede original de esta edici\u00f3n, fue avalada por la Confederaci\u00f3n de Beisbol Profesional del Caribe (CBPC), rectora del torneo, del que la isla es fundador.<\/p>\n<p>Seg\u00fan la informaci\u00f3n compartida, la entidad caribe\u00f1a no ha sostenido comunicaci\u00f3n alguna con la Federaci\u00f3n Cubana de Beisbol y Softbol \u201csobre una decisi\u00f3n tan importante, que echa por tierra los compromisos establecidos y el dise\u00f1o aprobado por nuestro pa\u00eds para asumirlo\u201d.<\/p>\n<p>En este punto, enfatiz\u00f3 que el cambio de escenario no justifica la exclusi\u00f3n de Cuba, que adem\u00e1s, merece y exige un trato respetuoso, sobre todo por tratarse de una situaci\u00f3n tan sensible para el deporte de ese pa\u00eds.<\/p>\n<p>La CBPC anunci\u00f3 el jueves que el cl\u00e1sico invernal, pactado del 1\u00ba al 7 de febrero entrante, tendr\u00e1 por sede Guadalajara, luego de aprobar la propuesta presentada por la Liga ARCO Mexicana del Pac\u00edfico, impulsada por la organizaci\u00f3n Charros de Jalisco.<\/p>\n<p>El cambio lleg\u00f3 despu\u00e9s de que M\u00e9xico, Puerto Rico y Rep\u00fablica Dominicana desistieran de acudir a la sede originalmente prevista en la Gran Caracas, por razones log\u00edsticas ajenas a la Liga Venezolana de Beisbol Profesional.<\/p>\n<p>La Serie del Caribe 2026 reunir\u00e1 a cinco equipos: los campeones de las ligas de M\u00e9xico, Rep\u00fablica Dominicana y Puerto Rico, con la expectativa de sumar al monarca de Venezuela, adem\u00e1s de Panam\u00e1 como pa\u00eds invitado.<\/p>\n<p>El cambio de sede de Venezuela como escenario del cl\u00e1sico caribe\u00f1o tiene lugar en un contexto de acoso militar, agresi\u00f3n y cerco de Estados Unidos contra la Rep\u00fablica Bolivariana, cuyo presidente Donald Trump expuso recientemente sus intenciones de apoderarse del petr\u00f3leo y de otras riquezas de la naci\u00f3n sudamericana.<\/p>\n","protected":false},"excerpt":{"rendered":"<p>La Habana. La Federaci\u00f3n Cubana de Beisbol y Softbol consider\u00f3 irrespetuosa su exclusi\u00f3n de la Serie del Caribe 2026, que finalmente se realizar\u00e1 en M\u00e9xico, como consecuencia de la tensi\u00f3n que ha provocado Estados Unidos en Venezuela, la sede que hab\u00eda sido elegida en principio. En una declaraci\u00f3n, precis\u00f3 que aunque la invitaci\u00f3n recibida se [&hellip;]<\/p>\n","protected":false},"author":2,"featured_media":239908,"comment_status":"closed","ping_status":"closed","sticky":false,"template":"","format":"standard","meta":{"footnotes":""},"categories":[188,12870],"tags":[5231,12865],"class_list":["post-239907","post","type-post","status-publish","format-standard","has-post-thumbnail","hentry","category-deportes","category-destacadas","tag-deportes","tag-destacadas"],"jetpack_featured_media_url":"https:\/\/rnoticias.com.mx\/Portal\/wp-content\/uploads\/2025\/12\/image-2025-12-22T134632.249-400x250-1.webp","amp_enabled":true,"_links":{"self":[{"href":"https:\/\/rnoticias.com.mx\/Portal\/wp-json\/wp\/v2\/posts\/239907","targetHints":{"allow":["GET"]}}],"collection":[{"href":"https:\/\/rnoticias.com.mx\/Portal\/wp-json\/wp\/v2\/posts"}],"about":[{"href":"https:\/\/rnoticias.com.mx\/Portal\/wp-json\/wp\/v2\/types\/post"}],"author":[{"embeddable":true,"href":"https:\/\/rnoticias.com.mx\/Portal\/wp-json\/wp\/v2\/users\/2"}],"replies":[{"embeddable":true,"href":"https:\/\/rnoticias.com.mx\/Portal\/wp-json\/wp\/v2\/comments?post=239907"}],"version-history":[{"count":1,"href":"https:\/\/rnoticias.com.mx\/Portal\/wp-json\/wp\/v2\/posts\/239907\/revisions"}],"predecessor-version":[{"id":239909,"href":"https:\/\/rnoticias.com.mx\/Portal\/wp-json\/wp\/v2\/posts\/239907\/revisions\/239909"}],"wp:featuredmedia":[{"embeddable":true,"href":"https:\/\/rnoticias.com.mx\/Portal\/wp-json\/wp\/v2\/media\/239908"}],"wp:attachment":[{"href":"https:\/\/rnoticias.com.mx\/Portal\/wp-json\/wp\/v2\/media?parent=239907"}],"wp:term":[{"taxonomy":"category","embeddable":true,"href":"https:\/\/rnoticias.com.mx\/Portal\/wp-json\/wp\/v2\/categories?post=239907"},{"taxonomy":"post_tag","embeddable":true,"href":"https:\/\/rnoticias.com.mx\/Portal\/wp-json\/wp\/v2\/tags?post=239907"}],"curies":[{"name":"wp","href":"https:\/\/api.w.org\/{rel}","templated":true}]}}