{"id":239864,"date":"2025-12-30T12:45:38","date_gmt":"2025-12-30T19:45:38","guid":{"rendered":"https:\/\/rnoticias.com.mx\/Portal\/?p=239864"},"modified":"2025-12-30T12:45:38","modified_gmt":"2025-12-30T19:45:38","slug":"fallece-francisco-barrio-terrazas-exgobernador-de-chihuahua-a-los-75-anos","status":"publish","type":"post","link":"https:\/\/rnoticias.com.mx\/Portal\/2025\/12\/30\/fallece-francisco-barrio-terrazas-exgobernador-de-chihuahua-a-los-75-anos\/","title":{"rendered":"Fallece Francisco Barrio Terrazas, exgobernador de Chihuahua, a los 75 a\u00f1os"},"content":{"rendered":"<p><strong>Francisco Barrio Terrazas<\/strong>, ex gobernador de\u00a0<strong>Chihuahua<\/strong>, falleci\u00f3 este martes a los 75 a\u00f1os, inform\u00f3 el\u00a0<strong>Partido Acci\u00f3n Nacional<\/strong>\u00a0(PAN) en redes sociales.<\/p>\n<p>El coordinador de diputados del PAN,\u00a0<strong>El\u00edas Lixa<\/strong>, anunci\u00f3 el deceso de Barrio Terrazas, destac\u00e1ndolo como una gran persona y pol\u00edtico, as\u00ed como un &#8220;testimonio de la incansable lucha por la\u00a0<strong>democracia<\/strong>&#8220;.<\/p>\n<p>As\u00edmimso, el grupo parlamentario del partido ofreci\u00f3 condolencias para los familiares del panista, quien recientemente estuvo hospitalizado por complicaciones derivadas de una enfermedad cardiaca y una intervenci\u00f3n quir\u00fargica.<\/p>\n<p>Antes de ser gobioernador de Chihuahua de 1992 a 1998, Barrio Terrazas fue alcalde de\u00a0<strong>Ciudad Ju\u00e1rez\u00a0<\/strong>de 1983 a 1986. Tambi\u00e9n fue miembro del\u00a0<span data-processed=\"true\"><strong>Comit\u00e9 Ejecutivo Nacional<\/strong>\u00a0del PAN<\/span>, de 1999 a 2005.<\/p>\n<p>&nbsp;<\/p>\n","protected":false},"excerpt":{"rendered":"<p>Francisco Barrio Terrazas, ex gobernador de\u00a0Chihuahua, falleci\u00f3 este martes a los 75 a\u00f1os, inform\u00f3 el\u00a0Partido Acci\u00f3n Nacional\u00a0(PAN) en redes sociales. El coordinador de diputados del PAN,\u00a0El\u00edas Lixa, anunci\u00f3 el deceso de Barrio Terrazas, destac\u00e1ndolo como una gran persona y pol\u00edtico, as\u00ed como un &#8220;testimonio de la incansable lucha por la\u00a0democracia&#8220;. As\u00edmimso, el grupo parlamentario del [&hellip;]<\/p>\n","protected":false},"author":2,"featured_media":239865,"comment_status":"closed","ping_status":"closed","sticky":false,"template":"","format":"standard","meta":{"footnotes":""},"categories":[12870,172],"tags":[12865,12874],"class_list":["post-239864","post","type-post","status-publish","format-standard","has-post-thumbnail","hentry","category-destacadas","category-nacional","tag-destacadas","tag-nacional"],"jetpack_featured_media_url":"https:\/\/rnoticias.com.mx\/Portal\/wp-content\/uploads\/2025\/12\/principal_franciscobarrio30dic.jpg","amp_enabled":true,"_links":{"self":[{"href":"https:\/\/rnoticias.com.mx\/Portal\/wp-json\/wp\/v2\/posts\/239864","targetHints":{"allow":["GET"]}}],"collection":[{"href":"https:\/\/rnoticias.com.mx\/Portal\/wp-json\/wp\/v2\/posts"}],"about":[{"href":"https:\/\/rnoticias.com.mx\/Portal\/wp-json\/wp\/v2\/types\/post"}],"author":[{"embeddable":true,"href":"https:\/\/rnoticias.com.mx\/Portal\/wp-json\/wp\/v2\/users\/2"}],"replies":[{"embeddable":true,"href":"https:\/\/rnoticias.com.mx\/Portal\/wp-json\/wp\/v2\/comments?post=239864"}],"version-history":[{"count":1,"href":"https:\/\/rnoticias.com.mx\/Portal\/wp-json\/wp\/v2\/posts\/239864\/revisions"}],"predecessor-version":[{"id":239866,"href":"https:\/\/rnoticias.com.mx\/Portal\/wp-json\/wp\/v2\/posts\/239864\/revisions\/239866"}],"wp:featuredmedia":[{"embeddable":true,"href":"https:\/\/rnoticias.com.mx\/Portal\/wp-json\/wp\/v2\/media\/239865"}],"wp:attachment":[{"href":"https:\/\/rnoticias.com.mx\/Portal\/wp-json\/wp\/v2\/media?parent=239864"}],"wp:term":[{"taxonomy":"category","embeddable":true,"href":"https:\/\/rnoticias.com.mx\/Portal\/wp-json\/wp\/v2\/categories?post=239864"},{"taxonomy":"post_tag","embeddable":true,"href":"https:\/\/rnoticias.com.mx\/Portal\/wp-json\/wp\/v2\/tags?post=239864"}],"curies":[{"name":"wp","href":"https:\/\/api.w.org\/{rel}","templated":true}]}}