{"id":239861,"date":"2025-12-30T12:39:21","date_gmt":"2025-12-30T19:39:21","guid":{"rendered":"https:\/\/rnoticias.com.mx\/Portal\/?p=239861"},"modified":"2025-12-30T12:39:21","modified_gmt":"2025-12-30T19:39:21","slug":"cepc-informa-sobre-lluvias-fuertes-vientos-y-descenso-de-temperaturas-por-el-frente-frio-numero-25","status":"publish","type":"post","link":"https:\/\/rnoticias.com.mx\/Portal\/2025\/12\/30\/cepc-informa-sobre-lluvias-fuertes-vientos-y-descenso-de-temperaturas-por-el-frente-frio-numero-25\/","title":{"rendered":"CEPC informa sobre lluvias, fuertes vientos y descenso de temperaturas por el frente fr\u00edo n\u00famero 25"},"content":{"rendered":"<p>Hermosillo, Sonora; martes 30 de diciembre de 2025.\u2013 La Coordinaci\u00f3n Estatal de Protecci\u00f3n Civil (CEPC) informa que durante el d\u00eda de hoy y ma\u00f1ana mi\u00e9rcoles, el frente fr\u00edo n\u00famero 25 continuar\u00e1 afectando a varias regiones del estado de Sonora.<\/p>\n<p>Este fen\u00f3meno provocar\u00e1 cielo nublado, as\u00ed como lluvias ligeras a moderadas, principalmente en el noroeste y norte del estado, las cuales podr\u00edan presentarse de manera intermitente durante los pr\u00f3ximos dos d\u00edas.<\/p>\n<p>Adem\u00e1s, se esperan vientos fuertes, con rachas que podr\u00edan superar los 60 kil\u00f3metros por hora, as\u00ed como un descenso importante en las temperaturas, especialmente durante las madrugadas y primeras horas del d\u00eda.<\/p>\n<p>Las temperaturas m\u00ednimas estimadas ser\u00e1n:<\/p>\n<p>\u2022 Entre -5 y 0 grados cent\u00edgrados en el norte y oriente del estado.<\/p>\n<p>\u2022 De 5 a 13 grados cent\u00edgrados en el noroeste.<\/p>\n<p>\u2022 De 9 a 15 grados cent\u00edgrados en el centro y sur de Sonora.<\/p>\n<p>Tambi\u00e9n existe la posibilidad de ca\u00edda de aguanieve en las zonas monta\u00f1osas del oriente del estado.<\/p>\n<p>Ante estas condiciones, la CEPC hace un llamado a la poblaci\u00f3n a tomar precauciones y, en caso de emergencia, comunicarse de inmediato al 9-1-1.<\/p>\n<p>Recomendaciones para la ciudadan\u00eda:<\/p>\n<p>\u2022 Vestirse adecuadamente, utilizando ropa abrigadora en capas, as\u00ed como gorros, bufandas y guantes.<\/p>\n<p>\u2022 Mantener el hogar c\u00e1lido, sellando puertas y ventanas para evitar la entrada de aire fr\u00edo.<\/p>\n<p>\u2022 Proteger a los sectores m\u00e1s vulnerables, especialmente ni\u00f1as y ni\u00f1os, personas adultas mayores y personas enfermas.<\/p>\n<p>\u2022 Verificar que los equipos de calefacci\u00f3n se encuentren en buen estado y se utilicen de manera segura.<\/p>\n<p>\u2022 Consumir alimentos y bebidas calientes para ayudar a mantener la temperatura corporal.<\/p>\n<p>La CEPC exhorta a la ciudadan\u00eda a mantenerse informada a trav\u00e9s de sus canales oficiales y a seguir las recomendaciones para evitar riesgos durante la temporada invernal.<\/p>\n","protected":false},"excerpt":{"rendered":"<p>Hermosillo, Sonora; martes 30 de diciembre de 2025.\u2013 La Coordinaci\u00f3n Estatal de Protecci\u00f3n Civil (CEPC) informa que durante el d\u00eda de hoy y ma\u00f1ana mi\u00e9rcoles, el frente fr\u00edo n\u00famero 25 continuar\u00e1 afectando a varias regiones del estado de Sonora. Este fen\u00f3meno provocar\u00e1 cielo nublado, as\u00ed como lluvias ligeras a moderadas, principalmente en el noroeste y [&hellip;]<\/p>\n","protected":false},"author":2,"featured_media":239862,"comment_status":"closed","ping_status":"closed","sticky":false,"template":"","format":"standard","meta":{"footnotes":""},"categories":[12870,178],"tags":[12865,12869],"class_list":["post-239861","post","type-post","status-publish","format-standard","has-post-thumbnail","hentry","category-destacadas","category-local","tag-destacadas","tag-local"],"jetpack_featured_media_url":"https:\/\/rnoticias.com.mx\/Portal\/wp-content\/uploads\/2025\/12\/unnamed-85.jpg","amp_enabled":true,"_links":{"self":[{"href":"https:\/\/rnoticias.com.mx\/Portal\/wp-json\/wp\/v2\/posts\/239861","targetHints":{"allow":["GET"]}}],"collection":[{"href":"https:\/\/rnoticias.com.mx\/Portal\/wp-json\/wp\/v2\/posts"}],"about":[{"href":"https:\/\/rnoticias.com.mx\/Portal\/wp-json\/wp\/v2\/types\/post"}],"author":[{"embeddable":true,"href":"https:\/\/rnoticias.com.mx\/Portal\/wp-json\/wp\/v2\/users\/2"}],"replies":[{"embeddable":true,"href":"https:\/\/rnoticias.com.mx\/Portal\/wp-json\/wp\/v2\/comments?post=239861"}],"version-history":[{"count":1,"href":"https:\/\/rnoticias.com.mx\/Portal\/wp-json\/wp\/v2\/posts\/239861\/revisions"}],"predecessor-version":[{"id":239863,"href":"https:\/\/rnoticias.com.mx\/Portal\/wp-json\/wp\/v2\/posts\/239861\/revisions\/239863"}],"wp:featuredmedia":[{"embeddable":true,"href":"https:\/\/rnoticias.com.mx\/Portal\/wp-json\/wp\/v2\/media\/239862"}],"wp:attachment":[{"href":"https:\/\/rnoticias.com.mx\/Portal\/wp-json\/wp\/v2\/media?parent=239861"}],"wp:term":[{"taxonomy":"category","embeddable":true,"href":"https:\/\/rnoticias.com.mx\/Portal\/wp-json\/wp\/v2\/categories?post=239861"},{"taxonomy":"post_tag","embeddable":true,"href":"https:\/\/rnoticias.com.mx\/Portal\/wp-json\/wp\/v2\/tags?post=239861"}],"curies":[{"name":"wp","href":"https:\/\/api.w.org\/{rel}","templated":true}]}}