{"id":239837,"date":"2025-12-30T11:29:30","date_gmt":"2025-12-30T18:29:30","guid":{"rendered":"https:\/\/rnoticias.com.mx\/Portal\/?p=239837"},"modified":"2025-12-30T11:29:30","modified_gmt":"2025-12-30T18:29:30","slug":"mirada-clara-cirugias-oftalmologicas-muestran-resultados-favorables-a-un-mes-de-su-realizacion","status":"publish","type":"post","link":"https:\/\/rnoticias.com.mx\/Portal\/2025\/12\/30\/mirada-clara-cirugias-oftalmologicas-muestran-resultados-favorables-a-un-mes-de-su-realizacion\/","title":{"rendered":"Mirada Clara: cirug\u00edas oftalmol\u00f3gicas muestran resultados favorables a un mes de su realizaci\u00f3n"},"content":{"rendered":"<p>Hermosillo, Sonora; 30 de diciembre de 2025.\u2013 A un mes de haberse realizado las cirug\u00edas oftalmol\u00f3gicas derivadas de la Jornada de Salud Visual Mirada Clara, la Secretar\u00eda de Bienestar informa que los 38 pacientes intervenidos por cataratas y carnosidades presentan avances positivos en su recuperaci\u00f3n, reflejando una mejora significativa en su visi\u00f3n y en su calidad de vida.<\/p>\n<p>Las intervenciones fueron posibles gracias a la colaboraci\u00f3n entre la Secretar\u00eda de Bienestar, Global Eye Care Academy, VOSH Arizona y Cl\u00ednica SWANN L\u00e1ser, Visi\u00f3n y Spa, quienes realizaron las cirug\u00edas sin costo para las y los pacientes previamente diagnosticados durante la jornada de Mirada Clara realizada en marzo en el Poblado Miguel Alem\u00e1n.<\/p>\n<p>Durante las \u00faltimas semanas, los pacientes han acudido a sus revisiones m\u00e9dicas posteriores, en las que se ha confirmado una evoluci\u00f3n favorable en todos los casos. Muchas de las personas intervenidas han expresado su entusiasmo al recuperar actividades cotidianas que antes se ve\u00edan limitadas por la p\u00e9rdida de visi\u00f3n.<\/p>\n<p>Mar\u00eda Rosa Meza, una de las beneficiarias de la cirug\u00eda de catarata, comparti\u00f3:<\/p>\n<p>\u201cVolver a ver con claridad es como recuperar una parte de mi vida. Ahora puedo hacer mis cosas sin depender de nadie, y eso para m\u00ed no tiene precio.\u201d<\/p>\n<p>Por su parte, Rafael Romero relat\u00f3 c\u00f3mo la intervenci\u00f3n cambi\u00f3 su d\u00eda a d\u00eda:<\/p>\n<p>\u201cAntes ve\u00eda todo nublado y me costaba moverme con seguridad. Hoy me siento m\u00e1s libre, m\u00e1s confiado y muy agradecido por esta oportunidad que me dieron.\u201d<\/p>\n<p>El secretario de Bienestar, Fernando Rojo de la Vega Molina, destac\u00f3 que estos resultados reflejan la importancia de mantener programas que atienden de manera directa y humana las necesidades de la poblaci\u00f3n m\u00e1s vulnerable:<\/p>\n<p>\u201cLa salud visual transforma la vida de una persona. Poder ver con claridad significa recuperar independencia, seguridad y la posibilidad de seguir adelante. Esa es la visi\u00f3n que impulsa nuestro gobernador Alfonso Durazo, una visi\u00f3n donde la colaboraci\u00f3n y la solidaridad se convierten en bienestar real para la gente.\u201d<\/p>\n<p>La Secretar\u00eda de Bienestar inform\u00f3 que se continuar\u00e1 dando seguimiento m\u00e9dico a las y los pacientes intervenidos y que Mirada Clara seguir\u00e1 consolid\u00e1ndose como una estrategia integral para detectar, atender y prevenir problemas visuales en comunidades con mayor vulnerabilidad.<\/p>\n","protected":false},"excerpt":{"rendered":"<p>Hermosillo, Sonora; 30 de diciembre de 2025.\u2013 A un mes de haberse realizado las cirug\u00edas oftalmol\u00f3gicas derivadas de la Jornada de Salud Visual Mirada Clara, la Secretar\u00eda de Bienestar informa que los 38 pacientes intervenidos por cataratas y carnosidades presentan avances positivos en su recuperaci\u00f3n, reflejando una mejora significativa en su visi\u00f3n y en su [&hellip;]<\/p>\n","protected":false},"author":2,"featured_media":239838,"comment_status":"closed","ping_status":"closed","sticky":false,"template":"","format":"standard","meta":{"footnotes":""},"categories":[12870,178],"tags":[12865,12869],"class_list":["post-239837","post","type-post","status-publish","format-standard","has-post-thumbnail","hentry","category-destacadas","category-local","tag-destacadas","tag-local"],"jetpack_featured_media_url":"https:\/\/rnoticias.com.mx\/Portal\/wp-content\/uploads\/2025\/12\/unnamed-1-38.jpg","amp_enabled":true,"_links":{"self":[{"href":"https:\/\/rnoticias.com.mx\/Portal\/wp-json\/wp\/v2\/posts\/239837","targetHints":{"allow":["GET"]}}],"collection":[{"href":"https:\/\/rnoticias.com.mx\/Portal\/wp-json\/wp\/v2\/posts"}],"about":[{"href":"https:\/\/rnoticias.com.mx\/Portal\/wp-json\/wp\/v2\/types\/post"}],"author":[{"embeddable":true,"href":"https:\/\/rnoticias.com.mx\/Portal\/wp-json\/wp\/v2\/users\/2"}],"replies":[{"embeddable":true,"href":"https:\/\/rnoticias.com.mx\/Portal\/wp-json\/wp\/v2\/comments?post=239837"}],"version-history":[{"count":1,"href":"https:\/\/rnoticias.com.mx\/Portal\/wp-json\/wp\/v2\/posts\/239837\/revisions"}],"predecessor-version":[{"id":239839,"href":"https:\/\/rnoticias.com.mx\/Portal\/wp-json\/wp\/v2\/posts\/239837\/revisions\/239839"}],"wp:featuredmedia":[{"embeddable":true,"href":"https:\/\/rnoticias.com.mx\/Portal\/wp-json\/wp\/v2\/media\/239838"}],"wp:attachment":[{"href":"https:\/\/rnoticias.com.mx\/Portal\/wp-json\/wp\/v2\/media?parent=239837"}],"wp:term":[{"taxonomy":"category","embeddable":true,"href":"https:\/\/rnoticias.com.mx\/Portal\/wp-json\/wp\/v2\/categories?post=239837"},{"taxonomy":"post_tag","embeddable":true,"href":"https:\/\/rnoticias.com.mx\/Portal\/wp-json\/wp\/v2\/tags?post=239837"}],"curies":[{"name":"wp","href":"https:\/\/api.w.org\/{rel}","templated":true}]}}