{"id":239798,"date":"2025-12-29T16:08:08","date_gmt":"2025-12-29T23:08:08","guid":{"rendered":"https:\/\/rnoticias.com.mx\/Portal\/?p=239798"},"modified":"2025-12-29T16:08:08","modified_gmt":"2025-12-29T23:08:08","slug":"cuerpos-de-emergencia-atienden-incidente-con-vagon-de-tren-en-nogales-sin-personas-lesionadas-cepc","status":"publish","type":"post","link":"https:\/\/rnoticias.com.mx\/Portal\/2025\/12\/29\/cuerpos-de-emergencia-atienden-incidente-con-vagon-de-tren-en-nogales-sin-personas-lesionadas-cepc\/","title":{"rendered":"Cuerpos de emergencia atienden incidente con vag\u00f3n de tren en Nogales, sin personas lesionadas: CEPC"},"content":{"rendered":"<p>Hermosillo, Sonora; 29 de diciembre de 2025.- La Coordinaci\u00f3n Estatal de Protecci\u00f3n Civil, informa que bomberos y cuerpos de emergencia atendieron de manera oportuna el descarrilamiento de un vag\u00f3n de tren registrado en la ciudad fronteriza de Nogales, sin que se reportaran personas lesionadas ni riesgos para la poblaci\u00f3n.<\/p>\n<p>El incidente ocurri\u00f3 cerca de la madrugada del lunes, cuando un vag\u00f3n present\u00f3 un desperfecto y sali\u00f3 de los patios de Ferromex, ubicados en la colonia Lomas de Nogales.<\/p>\n<p>El vag\u00f3n recorri\u00f3 aproximadamente cuatro kil\u00f3metros con direcci\u00f3n al norte; sin embargo, no impact\u00f3 la l\u00ednea principal, ya que antes de llegar a la zona divisoria se activ\u00f3 un desviador de seguridad que provoca el descarrilamiento controlado de las unidades.<\/p>\n<p>Como resultado del incidente, el vag\u00f3n se descarril\u00f3 sin que se registraran personas lesionadas ni da\u00f1os mayores a la infraestructura.<\/p>\n<p>El producto transportado era ch\u00edcharo deshidratado, el cual no gener\u00f3 afectaciones a terceros, report\u00e1ndose \u00fanicamente da\u00f1os internos de Ferromex, que lleva a cabo las investigaciones correspondientes para determinar las causas del incidente.<\/p>\n","protected":false},"excerpt":{"rendered":"<p>Hermosillo, Sonora; 29 de diciembre de 2025.- La Coordinaci\u00f3n Estatal de Protecci\u00f3n Civil, informa que bomberos y cuerpos de emergencia atendieron de manera oportuna el descarrilamiento de un vag\u00f3n de tren registrado en la ciudad fronteriza de Nogales, sin que se reportaran personas lesionadas ni riesgos para la poblaci\u00f3n. El incidente ocurri\u00f3 cerca de la [&hellip;]<\/p>\n","protected":false},"author":2,"featured_media":239799,"comment_status":"closed","ping_status":"closed","sticky":false,"template":"","format":"standard","meta":{"footnotes":""},"categories":[12870,178],"tags":[12865,12869],"class_list":["post-239798","post","type-post","status-publish","format-standard","has-post-thumbnail","hentry","category-destacadas","category-local","tag-destacadas","tag-local"],"jetpack_featured_media_url":"https:\/\/rnoticias.com.mx\/Portal\/wp-content\/uploads\/2025\/12\/unnamed-1-35.jpg","amp_enabled":true,"_links":{"self":[{"href":"https:\/\/rnoticias.com.mx\/Portal\/wp-json\/wp\/v2\/posts\/239798","targetHints":{"allow":["GET"]}}],"collection":[{"href":"https:\/\/rnoticias.com.mx\/Portal\/wp-json\/wp\/v2\/posts"}],"about":[{"href":"https:\/\/rnoticias.com.mx\/Portal\/wp-json\/wp\/v2\/types\/post"}],"author":[{"embeddable":true,"href":"https:\/\/rnoticias.com.mx\/Portal\/wp-json\/wp\/v2\/users\/2"}],"replies":[{"embeddable":true,"href":"https:\/\/rnoticias.com.mx\/Portal\/wp-json\/wp\/v2\/comments?post=239798"}],"version-history":[{"count":1,"href":"https:\/\/rnoticias.com.mx\/Portal\/wp-json\/wp\/v2\/posts\/239798\/revisions"}],"predecessor-version":[{"id":239800,"href":"https:\/\/rnoticias.com.mx\/Portal\/wp-json\/wp\/v2\/posts\/239798\/revisions\/239800"}],"wp:featuredmedia":[{"embeddable":true,"href":"https:\/\/rnoticias.com.mx\/Portal\/wp-json\/wp\/v2\/media\/239799"}],"wp:attachment":[{"href":"https:\/\/rnoticias.com.mx\/Portal\/wp-json\/wp\/v2\/media?parent=239798"}],"wp:term":[{"taxonomy":"category","embeddable":true,"href":"https:\/\/rnoticias.com.mx\/Portal\/wp-json\/wp\/v2\/categories?post=239798"},{"taxonomy":"post_tag","embeddable":true,"href":"https:\/\/rnoticias.com.mx\/Portal\/wp-json\/wp\/v2\/tags?post=239798"}],"curies":[{"name":"wp","href":"https:\/\/api.w.org\/{rel}","templated":true}]}}