{"id":239795,"date":"2025-12-29T16:07:29","date_gmt":"2025-12-29T23:07:29","guid":{"rendered":"https:\/\/rnoticias.com.mx\/Portal\/?p=239795"},"modified":"2025-12-29T16:07:29","modified_gmt":"2025-12-29T23:07:29","slug":"gobierno-de-sonora-da-a-conocer-finalistas-del-premio-estatal-de-la-juventud-2025","status":"publish","type":"post","link":"https:\/\/rnoticias.com.mx\/Portal\/2025\/12\/29\/gobierno-de-sonora-da-a-conocer-finalistas-del-premio-estatal-de-la-juventud-2025\/","title":{"rendered":"Gobierno de Sonora da a conocer finalistas del Premio Estatal de la Juventud 2025"},"content":{"rendered":"<p>Hermosillo, Sonora; 29 de diciembre de 2025.- El Gobierno de Sonora, a trav\u00e9s del Instituto Sonorense de la Juventud (ISJ), dio a conocer a las y los finalistas del Premio Estatal de la Juventud (PEJ) 2025.<\/p>\n<p>La titular del ISJ, Rebeca Valenzuela \u00c1lvarez, inform\u00f3 que se recibieron m\u00e1s de mil registros, de los cuales el jurado calificador seleccion\u00f3 a los 96 perfiles m\u00e1s destacados.<\/p>\n<p>Asimismo, record\u00f3 que, por instrucci\u00f3n del gobernador Alfonso Durazo, este a\u00f1o el est\u00edmulo econ\u00f3mico ser\u00e1 de 120 mil pesos para cada una y cada uno de las y los 48 ganadores.<\/p>\n<p>El Premio Estatal de la Juventud es el reconocimiento m\u00e1s importante que se otorga a la juventud sonorense por su sobresaliente desempe\u00f1o en \u00e1mbitos como el acad\u00e9mico, deportivo, social, bandas de guerra, oratoria y debate, medios digitales, entre otros.<\/p>\n<p>El anuncio de las y los finalistas se realiz\u00f3 a trav\u00e9s de las redes sociales y canales oficiales del ISJ, donde pr\u00f3ximamente se dar\u00e1 a conocer el proceso para anunciar a las y los 48 ganadores.<\/p>\n","protected":false},"excerpt":{"rendered":"<p>Hermosillo, Sonora; 29 de diciembre de 2025.- El Gobierno de Sonora, a trav\u00e9s del Instituto Sonorense de la Juventud (ISJ), dio a conocer a las y los finalistas del Premio Estatal de la Juventud (PEJ) 2025. La titular del ISJ, Rebeca Valenzuela \u00c1lvarez, inform\u00f3 que se recibieron m\u00e1s de mil registros, de los cuales el [&hellip;]<\/p>\n","protected":false},"author":2,"featured_media":239796,"comment_status":"closed","ping_status":"closed","sticky":false,"template":"","format":"standard","meta":{"footnotes":""},"categories":[12870,178],"tags":[12865,12869],"class_list":["post-239795","post","type-post","status-publish","format-standard","has-post-thumbnail","hentry","category-destacadas","category-local","tag-destacadas","tag-local"],"jetpack_featured_media_url":"https:\/\/rnoticias.com.mx\/Portal\/wp-content\/uploads\/2025\/12\/unnamed-83.jpg","amp_enabled":true,"_links":{"self":[{"href":"https:\/\/rnoticias.com.mx\/Portal\/wp-json\/wp\/v2\/posts\/239795","targetHints":{"allow":["GET"]}}],"collection":[{"href":"https:\/\/rnoticias.com.mx\/Portal\/wp-json\/wp\/v2\/posts"}],"about":[{"href":"https:\/\/rnoticias.com.mx\/Portal\/wp-json\/wp\/v2\/types\/post"}],"author":[{"embeddable":true,"href":"https:\/\/rnoticias.com.mx\/Portal\/wp-json\/wp\/v2\/users\/2"}],"replies":[{"embeddable":true,"href":"https:\/\/rnoticias.com.mx\/Portal\/wp-json\/wp\/v2\/comments?post=239795"}],"version-history":[{"count":1,"href":"https:\/\/rnoticias.com.mx\/Portal\/wp-json\/wp\/v2\/posts\/239795\/revisions"}],"predecessor-version":[{"id":239797,"href":"https:\/\/rnoticias.com.mx\/Portal\/wp-json\/wp\/v2\/posts\/239795\/revisions\/239797"}],"wp:featuredmedia":[{"embeddable":true,"href":"https:\/\/rnoticias.com.mx\/Portal\/wp-json\/wp\/v2\/media\/239796"}],"wp:attachment":[{"href":"https:\/\/rnoticias.com.mx\/Portal\/wp-json\/wp\/v2\/media?parent=239795"}],"wp:term":[{"taxonomy":"category","embeddable":true,"href":"https:\/\/rnoticias.com.mx\/Portal\/wp-json\/wp\/v2\/categories?post=239795"},{"taxonomy":"post_tag","embeddable":true,"href":"https:\/\/rnoticias.com.mx\/Portal\/wp-json\/wp\/v2\/tags?post=239795"}],"curies":[{"name":"wp","href":"https:\/\/api.w.org\/{rel}","templated":true}]}}