{"id":239792,"date":"2025-12-29T16:03:30","date_gmt":"2025-12-29T23:03:30","guid":{"rendered":"https:\/\/rnoticias.com.mx\/Portal\/?p=239792"},"modified":"2025-12-29T16:03:30","modified_gmt":"2025-12-29T23:03:30","slug":"preve-cruz-roja-repunte-de-padecimientos-respiratorios-en-hermosillo","status":"publish","type":"post","link":"https:\/\/rnoticias.com.mx\/Portal\/2025\/12\/29\/preve-cruz-roja-repunte-de-padecimientos-respiratorios-en-hermosillo\/","title":{"rendered":"Prev\u00e9 Cruz Roja repunte de padecimientos respiratorios en Hermosillo"},"content":{"rendered":"<p>Hermosillo, Sonora. Con la intensificaci\u00f3n de las bajas temperaturas propias del invierno, la Cruz Roja Hermosillo prev\u00e9 un incremento significativo en la atenci\u00f3n de personas con enfermedades respiratorias durante el mes de enero de 2026, principalmente entre adultos mayores y ni\u00f1as y ni\u00f1os menores de nueve a\u00f1os, considerados los grupos m\u00e1s vulnerables ante este tipo de padecimientos.<\/p>\n<p>&nbsp;<\/p>\n<p>Samuel Ramos, coordinador de la instituci\u00f3n, explic\u00f3 que si bien el inicio del a\u00f1o suele caracterizarse por una menor movilidad en la ciudad debido al periodo vacacional y al regreso paulatino a las actividades laborales y escolares, las condiciones clim\u00e1ticas adversas generan un aumento constante en los servicios relacionados con infecciones respiratorias, bronquitis, neumon\u00edas y cuadros gripales.<\/p>\n<p>&nbsp;<\/p>\n<p>\u201cInncluso durante los meses con menor actividad urbana, la Cruz Roja Hermosillo mantiene un promedio cercano a las 2 mil 200 atenciones mensuales, n\u00famero que no disminuye en temporada invernal debido a la demanda asociada a complicaciones respiratorias, especialmente en personas con enfermedades cr\u00f3nicas o sistemas inmunol\u00f3gicos debilitados\u201d, mencion\u00f3.<\/p>\n<p>&nbsp;<\/p>\n<p>Ramos se\u00f1al\u00f3 que enero suele ser uno de los meses m\u00e1s cr\u00edticos, ya que el fr\u00edo se intensifica y las bajas temperaturas se prolongan durante m\u00e1s horas del d\u00eda, lo que favorece la propagaci\u00f3n de virus y agrava padecimientos preexistentes.<\/p>\n<p>&nbsp;<\/p>\n<p>Ante este panorama, el coordinador de Cruz Roja Hermosillo, hizo un llamado a la ciudadan\u00eda a reforzar las medidas preventivas, como evitar cambios bruscos de temperatura, abrigarse adecuadamente, mantener una alimentaci\u00f3n balanceada y acudir a revisi\u00f3n m\u00e9dica ante los primeros s\u00edntomas.<\/p>\n<p>&nbsp;<\/p>\n<p>&nbsp;<\/p>\n<p>El dato:<\/p>\n<p>Cruz Roja exhorta a la poblaci\u00f3n a utilizar de manera responsable el servicio de ambulancias, solicit\u00e1ndolo \u00fanicamente en casos de emergencia real o cuando exista un riesgo inminente para la vida, a fin de no saturar la atenci\u00f3n prehospitalaria.<\/p>\n<p>&nbsp;<\/p>\n<p>&nbsp;<\/p>\n","protected":false},"excerpt":{"rendered":"<p>Hermosillo, Sonora. Con la intensificaci\u00f3n de las bajas temperaturas propias del invierno, la Cruz Roja Hermosillo prev\u00e9 un incremento significativo en la atenci\u00f3n de personas con enfermedades respiratorias durante el mes de enero de 2026, principalmente entre adultos mayores y ni\u00f1as y ni\u00f1os menores de nueve a\u00f1os, considerados los grupos m\u00e1s vulnerables ante este tipo [&hellip;]<\/p>\n","protected":false},"author":2,"featured_media":239793,"comment_status":"closed","ping_status":"closed","sticky":false,"template":"","format":"standard","meta":{"footnotes":""},"categories":[12870,178],"tags":[12865,12869],"class_list":["post-239792","post","type-post","status-publish","format-standard","has-post-thumbnail","hentry","category-destacadas","category-local","tag-destacadas","tag-local"],"jetpack_featured_media_url":"https:\/\/rnoticias.com.mx\/Portal\/wp-content\/uploads\/2025\/12\/WhatsApp-Image-2025-12-18-at-1.01.58-PM.jpeg","amp_enabled":true,"_links":{"self":[{"href":"https:\/\/rnoticias.com.mx\/Portal\/wp-json\/wp\/v2\/posts\/239792","targetHints":{"allow":["GET"]}}],"collection":[{"href":"https:\/\/rnoticias.com.mx\/Portal\/wp-json\/wp\/v2\/posts"}],"about":[{"href":"https:\/\/rnoticias.com.mx\/Portal\/wp-json\/wp\/v2\/types\/post"}],"author":[{"embeddable":true,"href":"https:\/\/rnoticias.com.mx\/Portal\/wp-json\/wp\/v2\/users\/2"}],"replies":[{"embeddable":true,"href":"https:\/\/rnoticias.com.mx\/Portal\/wp-json\/wp\/v2\/comments?post=239792"}],"version-history":[{"count":1,"href":"https:\/\/rnoticias.com.mx\/Portal\/wp-json\/wp\/v2\/posts\/239792\/revisions"}],"predecessor-version":[{"id":239794,"href":"https:\/\/rnoticias.com.mx\/Portal\/wp-json\/wp\/v2\/posts\/239792\/revisions\/239794"}],"wp:featuredmedia":[{"embeddable":true,"href":"https:\/\/rnoticias.com.mx\/Portal\/wp-json\/wp\/v2\/media\/239793"}],"wp:attachment":[{"href":"https:\/\/rnoticias.com.mx\/Portal\/wp-json\/wp\/v2\/media?parent=239792"}],"wp:term":[{"taxonomy":"category","embeddable":true,"href":"https:\/\/rnoticias.com.mx\/Portal\/wp-json\/wp\/v2\/categories?post=239792"},{"taxonomy":"post_tag","embeddable":true,"href":"https:\/\/rnoticias.com.mx\/Portal\/wp-json\/wp\/v2\/tags?post=239792"}],"curies":[{"name":"wp","href":"https:\/\/api.w.org\/{rel}","templated":true}]}}