{"id":239774,"date":"2025-12-29T14:51:27","date_gmt":"2025-12-29T21:51:27","guid":{"rendered":"https:\/\/rnoticias.com.mx\/Portal\/?p=239774"},"modified":"2025-12-29T14:51:27","modified_gmt":"2025-12-29T21:51:27","slug":"policias-portaran-chaleco-balistico-en-operativo-de-fin-de-ano","status":"publish","type":"post","link":"https:\/\/rnoticias.com.mx\/Portal\/2025\/12\/29\/policias-portaran-chaleco-balistico-en-operativo-de-fin-de-ano\/","title":{"rendered":"Polic\u00edas portar\u00e1n chaleco bal\u00edstico en operativo de fin de a\u00f1o"},"content":{"rendered":"<p>Hermosillo, Sonora. Con el objetivo de reforzar la seguridad del personal operativo durante las celebraciones de fin de a\u00f1o, la Polic\u00eda Preventiva y Tr\u00e1nsito Municipal de Hermosillo instruy\u00f3 a sus elementos a portar el chaleco bal\u00edstico durante toda su jornada laboral.<\/p>\n<p>&nbsp;<\/p>\n<p>El comisario Jes\u00fas Alonso Dur\u00f3n, explic\u00f3 que la medida busca reducir riesgos ante posibles agresiones armadas. Indic\u00f3 que, con el descenso de las temperaturas, ya no existe impedimento para su uso y adem\u00e1s de reforzar protocolos como la vigilancia constante.<\/p>\n<p>&nbsp;<\/p>\n","protected":false},"excerpt":{"rendered":"<p>Hermosillo, Sonora. Con el objetivo de reforzar la seguridad del personal operativo durante las celebraciones de fin de a\u00f1o, la Polic\u00eda Preventiva y Tr\u00e1nsito Municipal de Hermosillo instruy\u00f3 a sus elementos a portar el chaleco bal\u00edstico durante toda su jornada laboral. &nbsp; El comisario Jes\u00fas Alonso Dur\u00f3n, explic\u00f3 que la medida busca reducir riesgos ante [&hellip;]<\/p>\n","protected":false},"author":2,"featured_media":239775,"comment_status":"closed","ping_status":"closed","sticky":false,"template":"","format":"standard","meta":{"footnotes":""},"categories":[12870,178],"tags":[12865,12869],"class_list":["post-239774","post","type-post","status-publish","format-standard","has-post-thumbnail","hentry","category-destacadas","category-local","tag-destacadas","tag-local"],"jetpack_featured_media_url":"https:\/\/rnoticias.com.mx\/Portal\/wp-content\/uploads\/2025\/12\/entregan-chalecos-balisticos-a-policias-de-villa-de-alvarez-409861.jpg","amp_enabled":true,"_links":{"self":[{"href":"https:\/\/rnoticias.com.mx\/Portal\/wp-json\/wp\/v2\/posts\/239774","targetHints":{"allow":["GET"]}}],"collection":[{"href":"https:\/\/rnoticias.com.mx\/Portal\/wp-json\/wp\/v2\/posts"}],"about":[{"href":"https:\/\/rnoticias.com.mx\/Portal\/wp-json\/wp\/v2\/types\/post"}],"author":[{"embeddable":true,"href":"https:\/\/rnoticias.com.mx\/Portal\/wp-json\/wp\/v2\/users\/2"}],"replies":[{"embeddable":true,"href":"https:\/\/rnoticias.com.mx\/Portal\/wp-json\/wp\/v2\/comments?post=239774"}],"version-history":[{"count":1,"href":"https:\/\/rnoticias.com.mx\/Portal\/wp-json\/wp\/v2\/posts\/239774\/revisions"}],"predecessor-version":[{"id":239776,"href":"https:\/\/rnoticias.com.mx\/Portal\/wp-json\/wp\/v2\/posts\/239774\/revisions\/239776"}],"wp:featuredmedia":[{"embeddable":true,"href":"https:\/\/rnoticias.com.mx\/Portal\/wp-json\/wp\/v2\/media\/239775"}],"wp:attachment":[{"href":"https:\/\/rnoticias.com.mx\/Portal\/wp-json\/wp\/v2\/media?parent=239774"}],"wp:term":[{"taxonomy":"category","embeddable":true,"href":"https:\/\/rnoticias.com.mx\/Portal\/wp-json\/wp\/v2\/categories?post=239774"},{"taxonomy":"post_tag","embeddable":true,"href":"https:\/\/rnoticias.com.mx\/Portal\/wp-json\/wp\/v2\/tags?post=239774"}],"curies":[{"name":"wp","href":"https:\/\/api.w.org\/{rel}","templated":true}]}}