{"id":239771,"date":"2025-12-29T14:50:48","date_gmt":"2025-12-29T21:50:48","guid":{"rendered":"https:\/\/rnoticias.com.mx\/Portal\/?p=239771"},"modified":"2025-12-29T14:50:48","modified_gmt":"2025-12-29T21:50:48","slug":"colectivo-identifica-fallas-estructurales-en-crisis-ambiental-en-la-localidad","status":"publish","type":"post","link":"https:\/\/rnoticias.com.mx\/Portal\/2025\/12\/29\/colectivo-identifica-fallas-estructurales-en-crisis-ambiental-en-la-localidad\/","title":{"rendered":"Colectivo identifica fallas estructurales en crisis ambiental en la localidad"},"content":{"rendered":"<p>Hermosillo, Sonora. El Colectivo Ambientalista de Sonora dio a conocer los resultados de m\u00e1s de tres a\u00f1os de investigaci\u00f3n territorial sobre las causas de la contaminaci\u00f3n del aire y los riesgos a la salud p\u00fablica en la ciudad, se\u00f1alando que el problema no se origina en la ciudadan\u00eda, sino en fallas estructurales de gesti\u00f3n y regulaci\u00f3n.<\/p>\n<p>&nbsp;<\/p>\n<p><a href=\"https:\/\/www.google.com\/search?q=Patricia+Montes+Stefanoni&amp;sca_esv=6c5b9535e4a97562&amp;sxsrf=AE3TifMwBq7k-0CKJ8BXOt2kZFotgrS_Sw%3A1767028668341&amp;ei=vLdSaafNFOPZkPIP95XSoQs&amp;ved=2ahUKEwjvlOvjpuORAxVrkO4BHWhCLtIQgK4QegQIARAC&amp;uact=5&amp;oq=El+Colectivo+Ambientalista+de+sonora&amp;gs_lp=Egxnd3Mtd2l6LXNlcnAiJEVsIENvbGVjdGl2byBBbWJpZW50YWxpc3RhIGRlIHNvbm9yYTIGEAAYFhgeMggQABiABBiiBDIIEAAYgAQYogQyCBAAGKIEGIkFMgUQABjvBTIFEAAY7wVIhxBQ7AFY2A5wAngAkAEAmAHjAaABigqqAQUwLjcuMbgBA8gBAPgBAZgCCqACxQrCAggQABiwAxjvBcICCxAAGIAEGLADGKIEwgILEAAYsAMYogQYiQXCAgUQIRigAZgDAIgGAZAGBZIHBTIuNy4xoAfrGrIHBTAuNy4xuAe0CsIHBTAuMy43yAcogAgA&amp;sclient=gws-wiz-serp&amp;mstk=AUtExfAskO1ycz9WsxS66mr25ptzmMWbxDcNiYULG5W5zPnEv2Tzbel4NxnrAXsUQPbwobGWWHeoWaAWV9qVd_zfVgJ74wYVQHpHGwVZaD9lUEUtczaE7-pK9bzR3NSVlZBEXpHe9FyIS_ma96rd6Cok9cE0oYb1pPeUajSBIHBNGHNNn5VQHak3C9lUsY_ThiuCR4-AEpxLxqItGx4K-6D_UM09rFSTnwAkIfLW64Ki3zJxvFzdb_EOWvW6UkM77hZzIgsUoB4OXV-J7mqzSQ0YHFOvDu_pKnxl3fgIjiUBbTE_Uw&amp;csui=3\">Patricia Montes Stefanoni<\/a>,\u00a0 integrante de la organizaci\u00f3n, dio a conocer que entre los principales hallazgos destaca el crecimiento de recolectores informales sin trazabilidad, derivado de la falta de opciones accesibles para que la poblaci\u00f3n disponga correctamente de cacharros, escombro y residuos voluminosos, as\u00ed como de la insuficiencia de programas de descacharre y de informaci\u00f3n clara sobre puntos oficiales de acopio.<\/p>\n<p>&nbsp;<\/p>\n<p>\u201cEste vac\u00edo, ha permitido el crecimiento del negocio irregular de la basura y ha derivado en la criminalizaci\u00f3n tanto de ciudadanos como de recolectores. A ello se suman fuentes fijas de contaminaci\u00f3n como llanteras, yunkeras, ladrilleras y centros de acopio que operan con regulaci\u00f3n deficiente, provocando basureros clandestinos, quema de residuos, acumulaci\u00f3n de llantas y deterioro de la calidad del aire\u201d, extern\u00f3.<\/p>\n<p>&nbsp;<\/p>\n<p>El diagn\u00f3stico, precis\u00f3, se construy\u00f3 mediante observaci\u00f3n directa, vigilancia ciudadana y documentaci\u00f3n constante. A partir de ello, el colectivo ha impulsado acciones como denuncias formales, campa\u00f1as informativas, trabajo con especialistas, recuperaci\u00f3n de espacios y propuestas de pol\u00edticas p\u00fablicas con enfoque preventivo.<\/p>\n<p>&nbsp;<\/p>\n<p>Por \u00faltimo, el Colectivo Ambientalista de Sonora llam\u00f3 a autoridades, medios y sociedad a asumir la corresponsabilidad y atender la crisis desde soluciones estructurales, subrayando que se trata de un tema de salud p\u00fablica y no de ideolog\u00eda.<\/p>\n","protected":false},"excerpt":{"rendered":"<p>Hermosillo, Sonora. El Colectivo Ambientalista de Sonora dio a conocer los resultados de m\u00e1s de tres a\u00f1os de investigaci\u00f3n territorial sobre las causas de la contaminaci\u00f3n del aire y los riesgos a la salud p\u00fablica en la ciudad, se\u00f1alando que el problema no se origina en la ciudadan\u00eda, sino en fallas estructurales de gesti\u00f3n y [&hellip;]<\/p>\n","protected":false},"author":2,"featured_media":239772,"comment_status":"closed","ping_status":"closed","sticky":false,"template":"","format":"standard","meta":{"footnotes":""},"categories":[12870,178],"tags":[12865,12869],"class_list":["post-239771","post","type-post","status-publish","format-standard","has-post-thumbnail","hentry","category-destacadas","category-local","tag-destacadas","tag-local"],"jetpack_featured_media_url":"https:\/\/rnoticias.com.mx\/Portal\/wp-content\/uploads\/2025\/12\/QIZNE62VGRBXNPREMCDZ3KJAAY.jpeg","amp_enabled":true,"_links":{"self":[{"href":"https:\/\/rnoticias.com.mx\/Portal\/wp-json\/wp\/v2\/posts\/239771","targetHints":{"allow":["GET"]}}],"collection":[{"href":"https:\/\/rnoticias.com.mx\/Portal\/wp-json\/wp\/v2\/posts"}],"about":[{"href":"https:\/\/rnoticias.com.mx\/Portal\/wp-json\/wp\/v2\/types\/post"}],"author":[{"embeddable":true,"href":"https:\/\/rnoticias.com.mx\/Portal\/wp-json\/wp\/v2\/users\/2"}],"replies":[{"embeddable":true,"href":"https:\/\/rnoticias.com.mx\/Portal\/wp-json\/wp\/v2\/comments?post=239771"}],"version-history":[{"count":1,"href":"https:\/\/rnoticias.com.mx\/Portal\/wp-json\/wp\/v2\/posts\/239771\/revisions"}],"predecessor-version":[{"id":239773,"href":"https:\/\/rnoticias.com.mx\/Portal\/wp-json\/wp\/v2\/posts\/239771\/revisions\/239773"}],"wp:featuredmedia":[{"embeddable":true,"href":"https:\/\/rnoticias.com.mx\/Portal\/wp-json\/wp\/v2\/media\/239772"}],"wp:attachment":[{"href":"https:\/\/rnoticias.com.mx\/Portal\/wp-json\/wp\/v2\/media?parent=239771"}],"wp:term":[{"taxonomy":"category","embeddable":true,"href":"https:\/\/rnoticias.com.mx\/Portal\/wp-json\/wp\/v2\/categories?post=239771"},{"taxonomy":"post_tag","embeddable":true,"href":"https:\/\/rnoticias.com.mx\/Portal\/wp-json\/wp\/v2\/tags?post=239771"}],"curies":[{"name":"wp","href":"https:\/\/api.w.org\/{rel}","templated":true}]}}