{"id":239759,"date":"2025-12-29T13:40:13","date_gmt":"2025-12-29T20:40:13","guid":{"rendered":"https:\/\/rnoticias.com.mx\/Portal\/?p=239759"},"modified":"2025-12-29T13:40:13","modified_gmt":"2025-12-29T20:40:13","slug":"impulsa-ues-internacionalizacion-academica-con-resultados-historicos-en-2025","status":"publish","type":"post","link":"https:\/\/rnoticias.com.mx\/Portal\/2025\/12\/29\/impulsa-ues-internacionalizacion-academica-con-resultados-historicos-en-2025\/","title":{"rendered":"Impulsa UES internacionalizaci\u00f3n acad\u00e9mica con resultados hist\u00f3ricos en 2025"},"content":{"rendered":"<p>Hermosillo, Sonora; 29 de diciembre de 2025.- La Universidad Estatal de Sonora (UES) fortaleci\u00f3 este a\u00f1o la formaci\u00f3n global de su comunidad gracias al impulso del gobernador Alfonso Durazo Monta\u00f1o, quien ha consolidado la proyecci\u00f3n internacional de estudiantes y docentes.<\/p>\n<p>La participaci\u00f3n en los programas Internacionalizaci\u00f3n sin l\u00edmite y Movilidad Acad\u00e9mica 2025 permiti\u00f3 que cinco docentes desarrollaran clases espejo y proyectos COIL (Aprendizaje Colaborativo Internacional en L\u00ednea) con instituciones de Am\u00e9rica Latina, adem\u00e1s de siete docentes que realizaron estancias acad\u00e9micas y de investigaci\u00f3n en Brasil y Colombia, ampliando oportunidades de aprendizaje y colaboraci\u00f3n para la comunidad universitaria.<\/p>\n<p>La rectora de la UES, Martha Patricia Pati\u00f1o Fierro, detall\u00f3 que, en el caso de Internacionalizaci\u00f3n sin l\u00edmite, un total de 165 estudiantes participaron en actividades sincr\u00f3nicas e interdisciplinarias con universidades de Bolivia, Colombia, M\u00e9xico y El Salvador, fortaleciendo competencias interculturales, pensamiento global y trabajo colaborativo mediante clases espejo y un proyecto COIL desarrollado entre la UES y la Universidad Privada del Valle de Bolivia.<\/p>\n<p>Docentes de las Unidades Magdalena y Hermosillo llevaron a cabo dise\u00f1o conjunto de contenidos, interacci\u00f3n internacional entre estudiantes y evaluaciones comparativas que permitieron ampliar horizontes acad\u00e9micos desde perspectivas globales, adem\u00e1s de establecer redes de cooperaci\u00f3n que continuar\u00e1n en 2026.<\/p>\n<p>En cuanto al Programa de Intercambio Acad\u00e9mico Latinoamericano (PILA), en 2025 siete docentes de la UES fueron aceptados por universidades de Brasil y Colombia para estancias presenciales de hasta 15 d\u00edas, donde desarrollaron investigaci\u00f3n, proyectos educativos y fortalecimiento administrativo. Estas acciones consolidan la transferencia de conocimientos y posicionan a la UES como una instituci\u00f3n activa en la cooperaci\u00f3n regional.<\/p>\n<p>La rectora destac\u00f3 que estos logros reflejan el compromiso de la UES con una educaci\u00f3n p\u00fablica de calidad y con oportunidades reales de movilidad para su comunidad. Con el apoyo del mandatario, afirm\u00f3, la universidad continuar\u00e1 expandiendo sus alianzas internacionales para beneficio de la sociedad sonorense.<\/p>\n","protected":false},"excerpt":{"rendered":"<p>Hermosillo, Sonora; 29 de diciembre de 2025.- La Universidad Estatal de Sonora (UES) fortaleci\u00f3 este a\u00f1o la formaci\u00f3n global de su comunidad gracias al impulso del gobernador Alfonso Durazo Monta\u00f1o, quien ha consolidado la proyecci\u00f3n internacional de estudiantes y docentes. La participaci\u00f3n en los programas Internacionalizaci\u00f3n sin l\u00edmite y Movilidad Acad\u00e9mica 2025 permiti\u00f3 que cinco [&hellip;]<\/p>\n","protected":false},"author":2,"featured_media":239760,"comment_status":"closed","ping_status":"closed","sticky":false,"template":"","format":"standard","meta":{"footnotes":""},"categories":[12870,178],"tags":[12865,12869],"class_list":["post-239759","post","type-post","status-publish","format-standard","has-post-thumbnail","hentry","category-destacadas","category-local","tag-destacadas","tag-local"],"jetpack_featured_media_url":"https:\/\/rnoticias.com.mx\/Portal\/wp-content\/uploads\/2025\/12\/unnamed-81.jpg","amp_enabled":true,"_links":{"self":[{"href":"https:\/\/rnoticias.com.mx\/Portal\/wp-json\/wp\/v2\/posts\/239759","targetHints":{"allow":["GET"]}}],"collection":[{"href":"https:\/\/rnoticias.com.mx\/Portal\/wp-json\/wp\/v2\/posts"}],"about":[{"href":"https:\/\/rnoticias.com.mx\/Portal\/wp-json\/wp\/v2\/types\/post"}],"author":[{"embeddable":true,"href":"https:\/\/rnoticias.com.mx\/Portal\/wp-json\/wp\/v2\/users\/2"}],"replies":[{"embeddable":true,"href":"https:\/\/rnoticias.com.mx\/Portal\/wp-json\/wp\/v2\/comments?post=239759"}],"version-history":[{"count":1,"href":"https:\/\/rnoticias.com.mx\/Portal\/wp-json\/wp\/v2\/posts\/239759\/revisions"}],"predecessor-version":[{"id":239761,"href":"https:\/\/rnoticias.com.mx\/Portal\/wp-json\/wp\/v2\/posts\/239759\/revisions\/239761"}],"wp:featuredmedia":[{"embeddable":true,"href":"https:\/\/rnoticias.com.mx\/Portal\/wp-json\/wp\/v2\/media\/239760"}],"wp:attachment":[{"href":"https:\/\/rnoticias.com.mx\/Portal\/wp-json\/wp\/v2\/media?parent=239759"}],"wp:term":[{"taxonomy":"category","embeddable":true,"href":"https:\/\/rnoticias.com.mx\/Portal\/wp-json\/wp\/v2\/categories?post=239759"},{"taxonomy":"post_tag","embeddable":true,"href":"https:\/\/rnoticias.com.mx\/Portal\/wp-json\/wp\/v2\/tags?post=239759"}],"curies":[{"name":"wp","href":"https:\/\/api.w.org\/{rel}","templated":true}]}}