{"id":239756,"date":"2025-12-29T13:34:25","date_gmt":"2025-12-29T20:34:25","guid":{"rendered":"https:\/\/rnoticias.com.mx\/Portal\/?p=239756"},"modified":"2025-12-29T13:34:25","modified_gmt":"2025-12-29T20:34:25","slug":"tigres-del-norte-apareceran-en-los-simpsons-con-un-historico-corrido-mexicano","status":"publish","type":"post","link":"https:\/\/rnoticias.com.mx\/Portal\/2025\/12\/29\/tigres-del-norte-apareceran-en-los-simpsons-con-un-historico-corrido-mexicano\/","title":{"rendered":"Tigres del Norte aparecer\u00e1n en &#8216;Los Simpsons&#8217; con un hist\u00f3rico corrido mexicano"},"content":{"rendered":"<p>La legendaria banda mexicana\u00a0<strong>Los Tigres del Norte<\/strong>\u00a0aparecer\u00e1n en un episodio de &#8216;Los Simpsons&#8217; e interpretar\u00e1n un corrido mexicano escrito especialmente para el programa, que se emitir\u00e1 este domingo en FOX.<\/p>\n<p><strong>&#8220;Una banda legendaria. Una canci\u00f3n original. Un toque muy Simpson. Los Tigres del Norte presentar\u00e1n &#8216;El Corrido de Pedro y Homero&#8217; este domingo en FOX&#8221;,\u00a0<\/strong>indic\u00f3 este viernes la cuenta oficial en X de la familia m\u00e1s carism\u00e1tica de la televisi\u00f3n en un escrito.<\/p>\n<p>El mensaje lo acompa\u00f1an dos im\u00e1genes de la emblem\u00e1tica agrupaci\u00f3n, que tiene m\u00e1s de cinco d\u00e9cadas de historia, subidos a un escenario junto a El Hombre Abeja y Homero Simpson, quien porta un sombrero de estilo mexicano.<\/p>\n<p>Fundada en Sinaloa, la banda regional mexicana es una de las m\u00e1s influyentes de la m\u00fasica norte\u00f1a, retratando en sus letras la experiencia migrante, las luchas sociales y la vida en la frontera entre M\u00e9xico y Estados Unidos.<\/p>\n<p>La agrupaci\u00f3n ha tomado adem\u00e1s una postura cr\u00edtica contra el Gobierno del presidente Donald Trump.<\/p>\n<p>Hicieron campa\u00f1a en favor de la exvicepresidenta Kamala Harris en su camino a la Casa Blanca en las elecciones presidenciales de 2024 y han mostrado p\u00fablicamente su defensa a los derechos de las personas migrantes una vez que el l\u00edder republicano alcanz\u00f3 el poder.<\/p>\n<p><strong>&#8220;Que (Trump) abra su coraz\u00f3n y recuerde que sus antepasados tambi\u00e9n llegaron como migrantes a Estados Unidos. Y creo que un presidente se debe tener coraz\u00f3n para todas las razas, no nom\u00e1s para los blancos&#8221;<\/strong>, indic\u00f3 la banda a EFE durante su paso por la alfombra roja de los Latin Grammy que se celebr\u00f3 el pasado noviembre en Las Vegas.<\/p>\n<p>Durante la gala, Los Tigres del Norte realizaron un poderoso homenaje a los inmigrantes, mostrando el rostro de familias e im\u00e1genes de las protestas que azotaron ciudades como Los \u00c1ngeles.<\/p>\n","protected":false},"excerpt":{"rendered":"<p>La legendaria banda mexicana\u00a0Los Tigres del Norte\u00a0aparecer\u00e1n en un episodio de &#8216;Los Simpsons&#8217; e interpretar\u00e1n un corrido mexicano escrito especialmente para el programa, que se emitir\u00e1 este domingo en FOX. &#8220;Una banda legendaria. Una canci\u00f3n original. Un toque muy Simpson. Los Tigres del Norte presentar\u00e1n &#8216;El Corrido de Pedro y Homero&#8217; este domingo en FOX&#8221;,\u00a0indic\u00f3 [&hellip;]<\/p>\n","protected":false},"author":2,"featured_media":239757,"comment_status":"closed","ping_status":"closed","sticky":false,"template":"","format":"standard","meta":{"footnotes":""},"categories":[12870,219],"tags":[12865,12875],"class_list":["post-239756","post","type-post","status-publish","format-standard","has-post-thumbnail","hentry","category-destacadas","category-espectaculos","tag-destacadas","tag-espectaculos"],"jetpack_featured_media_url":"https:\/\/rnoticias.com.mx\/Portal\/wp-content\/uploads\/2025\/12\/IMG_5140-750x375-1.jpeg","amp_enabled":true,"_links":{"self":[{"href":"https:\/\/rnoticias.com.mx\/Portal\/wp-json\/wp\/v2\/posts\/239756","targetHints":{"allow":["GET"]}}],"collection":[{"href":"https:\/\/rnoticias.com.mx\/Portal\/wp-json\/wp\/v2\/posts"}],"about":[{"href":"https:\/\/rnoticias.com.mx\/Portal\/wp-json\/wp\/v2\/types\/post"}],"author":[{"embeddable":true,"href":"https:\/\/rnoticias.com.mx\/Portal\/wp-json\/wp\/v2\/users\/2"}],"replies":[{"embeddable":true,"href":"https:\/\/rnoticias.com.mx\/Portal\/wp-json\/wp\/v2\/comments?post=239756"}],"version-history":[{"count":1,"href":"https:\/\/rnoticias.com.mx\/Portal\/wp-json\/wp\/v2\/posts\/239756\/revisions"}],"predecessor-version":[{"id":239758,"href":"https:\/\/rnoticias.com.mx\/Portal\/wp-json\/wp\/v2\/posts\/239756\/revisions\/239758"}],"wp:featuredmedia":[{"embeddable":true,"href":"https:\/\/rnoticias.com.mx\/Portal\/wp-json\/wp\/v2\/media\/239757"}],"wp:attachment":[{"href":"https:\/\/rnoticias.com.mx\/Portal\/wp-json\/wp\/v2\/media?parent=239756"}],"wp:term":[{"taxonomy":"category","embeddable":true,"href":"https:\/\/rnoticias.com.mx\/Portal\/wp-json\/wp\/v2\/categories?post=239756"},{"taxonomy":"post_tag","embeddable":true,"href":"https:\/\/rnoticias.com.mx\/Portal\/wp-json\/wp\/v2\/tags?post=239756"}],"curies":[{"name":"wp","href":"https:\/\/api.w.org\/{rel}","templated":true}]}}