{"id":239744,"date":"2025-12-29T13:30:26","date_gmt":"2025-12-29T20:30:26","guid":{"rendered":"https:\/\/rnoticias.com.mx\/Portal\/?p=239744"},"modified":"2025-12-29T13:30:26","modified_gmt":"2025-12-29T20:30:26","slug":"violencia-desploma-el-valor-de-los-inmuebles-en-sinaloa-alertan-expertos","status":"publish","type":"post","link":"https:\/\/rnoticias.com.mx\/Portal\/2025\/12\/29\/violencia-desploma-el-valor-de-los-inmuebles-en-sinaloa-alertan-expertos\/","title":{"rendered":"Violencia desploma el valor de los inmuebles en Sinaloa, alertan expertos"},"content":{"rendered":"<p>El incremento de la\u00a0<strong>violencia y la percepci\u00f3n de inseguridad<\/strong>\u00a0en el estado de\u00a0<strong>Sinaloa<\/strong>\u00a0ha impactado de manera significativa al\u00a0<strong>sector inmobiliario<\/strong>, provocando un\u00a0<strong>desplome en el valor de los inmuebles<\/strong>\u00a0residenciales y comerciales, alertan expertos del mercado y analistas urbanos.<\/p>\n<p>Diversos evaluadores y agentes inmobiliarios locales se\u00f1alaron que el contexto de\u00a0<strong>violencia prolongada<\/strong>, marcado por hechos delictivos en distintas regiones, ha generado una\u00a0<strong>reducci\u00f3n en la demanda de bienes ra\u00edces<\/strong>, lo que se traduce en\u00a0<strong>precios a la baja<\/strong>\u00a0tanto para compras como para rentas. Esto afecta especialmente a zonas urbanas donde anteriormente se registraba una din\u00e1mica positiva de inversi\u00f3n inmobiliaria.<\/p>\n<p>Seg\u00fan corredores de bienes ra\u00edces, algunas colonias y municipios han experimentado ca\u00eddas de\u00a0<strong>precios de hasta dos d\u00edgitos<\/strong>, en comparaci\u00f3n con a\u00f1os anteriores, debido a que potenciales compradores prefieren invertir en localidades percibidas como\u00a0<strong>m\u00e1s seguras o estables<\/strong>. Esta tendencia no solo reduce el valor de mercado de las propiedades, sino que tambi\u00e9n frena los\u00a0<strong>proyectos de desarrollo urbano y construcci\u00f3n<\/strong>.<\/p>\n<p>Especialistas en econom\u00eda regional coinciden en que el fen\u00f3meno no es exclusivo de Sinaloa, pero en esta entidad la\u00a0<strong>incertidumbre generada por la violencia<\/strong>\u00a0\u2014junto con la falta de certeza jur\u00eddica en ciertas transacciones\u2014 ha contribuido a que inversionistas y familias moderen sus decisiones de compra o renta de inmuebles, lo que amplifica la ca\u00edda de precios.<\/p>\n<p>Representantes del sector inmobiliario tambi\u00e9n han advertido que este contexto dificulta el acceso a\u00a0<strong>cr\u00e9ditos hipotecarios<\/strong>\u00a0para algunos compradores, ya que las instituciones financieras ajustan sus criterios de riesgo ante escenarios de inseguridad, lo que puede limitar\u00a0<strong>oportunidades de financiamiento<\/strong>.<\/p>\n<p>Autoridades locales han expresado la necesidad de implementar\u00a0<strong>estrategias de seguridad, desarrollo urbano y fomento econ\u00f3mico<\/strong>\u00a0que recuperen la confianza de compradores y desarrolladores, con la finalidad de estabilizar el\u00a0<strong>mercado inmobiliario<\/strong>\u00a0y elevar el\u00a0<strong>valor de los inmuebles<\/strong>.<\/p>\n<p>La relaci\u00f3n entre\u00a0<strong>violencia e impacto econ\u00f3mico<\/strong>\u00a0en sectores como el inmobiliario destaca la importancia de pol\u00edticas integrales que combinen\u00a0<strong>seguridad p\u00fablica, desarrollo social y crecimiento urbano sostenible<\/strong>\u00a0para revertir esta tendencia y potenciar la recuperaci\u00f3n del mercado en Sinaloa.<\/p>\n","protected":false},"excerpt":{"rendered":"<p>El incremento de la\u00a0violencia y la percepci\u00f3n de inseguridad\u00a0en el estado de\u00a0Sinaloa\u00a0ha impactado de manera significativa al\u00a0sector inmobiliario, provocando un\u00a0desplome en el valor de los inmuebles\u00a0residenciales y comerciales, alertan expertos del mercado y analistas urbanos. Diversos evaluadores y agentes inmobiliarios locales se\u00f1alaron que el contexto de\u00a0violencia prolongada, marcado por hechos delictivos en distintas regiones, ha [&hellip;]<\/p>\n","protected":false},"author":2,"featured_media":239745,"comment_status":"closed","ping_status":"closed","sticky":false,"template":"","format":"standard","meta":{"footnotes":""},"categories":[12870,172],"tags":[12865,12874],"class_list":["post-239744","post","type-post","status-publish","format-standard","has-post-thumbnail","hentry","category-destacadas","category-nacional","tag-destacadas","tag-nacional"],"jetpack_featured_media_url":"https:\/\/rnoticias.com.mx\/Portal\/wp-content\/uploads\/2025\/12\/descarga-8.webp","amp_enabled":true,"_links":{"self":[{"href":"https:\/\/rnoticias.com.mx\/Portal\/wp-json\/wp\/v2\/posts\/239744","targetHints":{"allow":["GET"]}}],"collection":[{"href":"https:\/\/rnoticias.com.mx\/Portal\/wp-json\/wp\/v2\/posts"}],"about":[{"href":"https:\/\/rnoticias.com.mx\/Portal\/wp-json\/wp\/v2\/types\/post"}],"author":[{"embeddable":true,"href":"https:\/\/rnoticias.com.mx\/Portal\/wp-json\/wp\/v2\/users\/2"}],"replies":[{"embeddable":true,"href":"https:\/\/rnoticias.com.mx\/Portal\/wp-json\/wp\/v2\/comments?post=239744"}],"version-history":[{"count":1,"href":"https:\/\/rnoticias.com.mx\/Portal\/wp-json\/wp\/v2\/posts\/239744\/revisions"}],"predecessor-version":[{"id":239746,"href":"https:\/\/rnoticias.com.mx\/Portal\/wp-json\/wp\/v2\/posts\/239744\/revisions\/239746"}],"wp:featuredmedia":[{"embeddable":true,"href":"https:\/\/rnoticias.com.mx\/Portal\/wp-json\/wp\/v2\/media\/239745"}],"wp:attachment":[{"href":"https:\/\/rnoticias.com.mx\/Portal\/wp-json\/wp\/v2\/media?parent=239744"}],"wp:term":[{"taxonomy":"category","embeddable":true,"href":"https:\/\/rnoticias.com.mx\/Portal\/wp-json\/wp\/v2\/categories?post=239744"},{"taxonomy":"post_tag","embeddable":true,"href":"https:\/\/rnoticias.com.mx\/Portal\/wp-json\/wp\/v2\/tags?post=239744"}],"curies":[{"name":"wp","href":"https:\/\/api.w.org\/{rel}","templated":true}]}}