{"id":239741,"date":"2025-12-29T13:26:29","date_gmt":"2025-12-29T20:26:29","guid":{"rendered":"https:\/\/rnoticias.com.mx\/Portal\/?p=239741"},"modified":"2025-12-29T13:26:29","modified_gmt":"2025-12-29T20:26:29","slug":"ana-barbara-se-prepara-para-su-presentacion-de-ano-nuevo-en-times-square","status":"publish","type":"post","link":"https:\/\/rnoticias.com.mx\/Portal\/2025\/12\/29\/ana-barbara-se-prepara-para-su-presentacion-de-ano-nuevo-en-times-square\/","title":{"rendered":"Ana B\u00e1rbara se prepara para su presentaci\u00f3n de A\u00f1o Nuevo en Times Square"},"content":{"rendered":"<p>La llegada de 2026 tendr\u00e1 como uno de sus escenarios principales a\u00a0<strong>Times Square,<\/strong>\u00a0donde\u00a0<mark>Ana B\u00e1rbara ser\u00e1 una de las figuras musicales del tradicional festejo \u201cFeliz 2026\u201d.<\/mark>\u00a0La cantante mexicana se presentar\u00e1 la noche del 31 de diciembre en la emblem\u00e1tica plaza de Nueva York, ante una multitud que cada a\u00f1o\u00a0<strong>supera el mill\u00f3n de asistentes\u00a0<\/strong>y una audiencia televisiva que se cuenta por millones en todo el mundo.<\/p>\n<p>La participaci\u00f3n de Ana B\u00e1rbara en este evento la coloca dentro de una larga tradici\u00f3n art\u00edstica. A lo largo de los a\u00f1os,\u00a0<strong>el cierre de a\u00f1o en Times Square\u00a0<\/strong>ha contado con presentaciones de figuras internacionales como\u00a0<mark>Madonna, Mariah Carey, Jennifer Lopez, Gloria Estefan, Paul McCartney y Pitbull,\u00a0<\/mark>consolidando a este espacio como uno de los escenarios musicales m\u00e1s visibles a nivel global. Su presencia refuerza adem\u00e1s la representaci\u00f3n latina en una celebraci\u00f3n que refleja el car\u00e1cter multicultural de la ciudad.<\/p>\n<p>Para la int\u00e9rprete, el concierto va m\u00e1s all\u00e1 de la proyecci\u00f3n medi\u00e1tica. La actuaci\u00f3n en Nueva York simboliza un reencuentro directo con\u00a0<strong>el p\u00fablico latino que reside en Estados Unidos,\u00a0<\/strong>especialmente con la comunidad mexicana que ha acompa\u00f1ado su carrera durante d\u00e9cadas.<\/p>\n<p><i><strong>\u201cCantar en Nueva York, en una fecha tan especial y frente a nuestra gente latina, es algo que me llena de emoci\u00f3n. Es un honor poder estar ah\u00ed, compartir mi m\u00fasica con los mexicanos que viven lejos de casa y celebrar juntos la llegada de un nuevo a\u00f1o\u201d,\u00a0<\/strong><\/i>expres\u00f3 la artista.<\/p>\n<p>El momento llega tras un a\u00f1o particularmente activo en su trayectoria. Durante 2025, Ana B\u00e1rbara lanz\u00f3 un\u00a0<strong>tema en colaboraci\u00f3n con Carlos Rivera<\/strong>\u00a0que tuvo una respuesta favorable tanto en plataformas digitales como en la radio, fortaleciendo su presencia dentro del\u00a0<strong>pop latino contempor\u00e1neo.<\/strong>\u00a0Este logro se suma a una carrera que<strong>\u00a0supera los 30 a\u00f1os,<\/strong>\u00a0con millones de discos vendidos en M\u00e9xico y Estados Unidos.<\/p>\n<h2>A\u00f1o Nuevo en Times Square<\/h2>\n<p>La transmisi\u00f3n de \u201cFeliz 2026\u201d tendr\u00e1 alcance nacional en Estados Unidos e incluir\u00e1 actuaciones desde distintas ciudades, con artistas de diversos g\u00e9neros y generaciones. La incorporaci\u00f3n de Ana B\u00e1rbara a este elenco subraya\u00a0<strong>el peso que la m\u00fasica latina<\/strong>\u00a0mantiene en las audiencias internacionales y su vigencia dentro de los grandes eventos televisivos.<\/p>\n<p>El escenario neoyorquino ha servido hist\u00f3ricamente como punto de conexi\u00f3n entre artistas y p\u00fablicos de distintas partes del mundo, y\u00a0<strong>este 31 de diciembre no ser\u00e1 la excepci\u00f3n.<\/strong><\/p>\n<p>As\u00ed,\u00a0<mark>Ana B\u00e1rbara encabezar\u00e1 una de las celebraciones m\u00e1s emblem\u00e1ticas de A\u00f1o Nuevo,<\/mark>\u00a0renovando el v\u00ednculo entre su historia musical, la comunidad latina y quienes reciben un nuevo a\u00f1o lejos de su pa\u00eds de origen.<\/p>\n<h2>C\u00f3mo ver el show de Ana B\u00e1rbara<\/h2>\n<p>Para el p\u00fablico en Estados Unidos, la celebraci\u00f3n se transmitir\u00e1 por Univisi\u00f3n el mi\u00e9rcoles 31 de diciembre, a partir de las 8:00 p.m. (hora del Este) \/ 7:00 p.m. (hora del Centro), y concluir\u00e1 minutos despu\u00e9s de la medianoche. En M\u00e9xico, el evento podr\u00e1 verse a trav\u00e9s de la aplicaci\u00f3n de streaming de\u00a0<strong>TelevisaUnivision, ViX.<\/strong><\/p>\n","protected":false},"excerpt":{"rendered":"<p>La llegada de 2026 tendr\u00e1 como uno de sus escenarios principales a\u00a0Times Square,\u00a0donde\u00a0Ana B\u00e1rbara ser\u00e1 una de las figuras musicales del tradicional festejo \u201cFeliz 2026\u201d.\u00a0La cantante mexicana se presentar\u00e1 la noche del 31 de diciembre en la emblem\u00e1tica plaza de Nueva York, ante una multitud que cada a\u00f1o\u00a0supera el mill\u00f3n de asistentes\u00a0y una audiencia televisiva [&hellip;]<\/p>\n","protected":false},"author":2,"featured_media":239742,"comment_status":"closed","ping_status":"closed","sticky":false,"template":"","format":"standard","meta":{"footnotes":""},"categories":[12870,219],"tags":[12865,12875],"class_list":["post-239741","post","type-post","status-publish","format-standard","has-post-thumbnail","hentry","category-destacadas","category-espectaculos","tag-destacadas","tag-espectaculos"],"jetpack_featured_media_url":"https:\/\/rnoticias.com.mx\/Portal\/wp-content\/uploads\/2025\/12\/NJH4UMND5JEGRMLXZZQS5EI6CA.webp","amp_enabled":true,"_links":{"self":[{"href":"https:\/\/rnoticias.com.mx\/Portal\/wp-json\/wp\/v2\/posts\/239741","targetHints":{"allow":["GET"]}}],"collection":[{"href":"https:\/\/rnoticias.com.mx\/Portal\/wp-json\/wp\/v2\/posts"}],"about":[{"href":"https:\/\/rnoticias.com.mx\/Portal\/wp-json\/wp\/v2\/types\/post"}],"author":[{"embeddable":true,"href":"https:\/\/rnoticias.com.mx\/Portal\/wp-json\/wp\/v2\/users\/2"}],"replies":[{"embeddable":true,"href":"https:\/\/rnoticias.com.mx\/Portal\/wp-json\/wp\/v2\/comments?post=239741"}],"version-history":[{"count":1,"href":"https:\/\/rnoticias.com.mx\/Portal\/wp-json\/wp\/v2\/posts\/239741\/revisions"}],"predecessor-version":[{"id":239743,"href":"https:\/\/rnoticias.com.mx\/Portal\/wp-json\/wp\/v2\/posts\/239741\/revisions\/239743"}],"wp:featuredmedia":[{"embeddable":true,"href":"https:\/\/rnoticias.com.mx\/Portal\/wp-json\/wp\/v2\/media\/239742"}],"wp:attachment":[{"href":"https:\/\/rnoticias.com.mx\/Portal\/wp-json\/wp\/v2\/media?parent=239741"}],"wp:term":[{"taxonomy":"category","embeddable":true,"href":"https:\/\/rnoticias.com.mx\/Portal\/wp-json\/wp\/v2\/categories?post=239741"},{"taxonomy":"post_tag","embeddable":true,"href":"https:\/\/rnoticias.com.mx\/Portal\/wp-json\/wp\/v2\/tags?post=239741"}],"curies":[{"name":"wp","href":"https:\/\/api.w.org\/{rel}","templated":true}]}}