{"id":239729,"date":"2025-12-29T13:20:48","date_gmt":"2025-12-29T20:20:48","guid":{"rendered":"https:\/\/rnoticias.com.mx\/Portal\/?p=239729"},"modified":"2025-12-29T13:20:48","modified_gmt":"2025-12-29T20:20:48","slug":"participaran-estudiantes-del-cobach-sonora-en-la-final-nacional-de-femeci-2026","status":"publish","type":"post","link":"https:\/\/rnoticias.com.mx\/Portal\/2025\/12\/29\/participaran-estudiantes-del-cobach-sonora-en-la-final-nacional-de-femeci-2026\/","title":{"rendered":"Participar\u00e1n estudiantes del Cobach Sonora en la final nacional de Femeci 2026"},"content":{"rendered":"<p>Hermosillo, Sonora; 29 de diciembre de 2025.\u2013 Estudiantes de los planteles Obreg\u00f3n tres y San Ignacio R\u00edo Muerto representar\u00e1n al Colegio de Bachilleres del Estado de Sonora (Cobach) en la final nacional de la Feria Mexicana de Ciencias e Ingenier\u00eda (Femeci) 2026, que se realizar\u00e1 del 11 al 13 de marzo en San Carlos, Nuevo Guaymas.<\/p>\n<p>Marisol Guadalupe Buitimea Tienda, Lizbeth Guadalupe Vega L\u00f3pez y Elisa Isabel Mijares Tob\u00edas, del plantel Obreg\u00f3n tres, con el proyecto Eco World Kids; as\u00ed como Ian Jes\u00fas Sandoval Robles, Jes\u00fas Emiliano Varela Monz\u00f3n y Armando Esquivel Arag\u00f3n, del plantel\u00a0SIRM, con \u201cHidropon\u00eda en \u00d3ptimo Crecimiento\u201d, ganaron la fase estatal y participar\u00e1n en la etapa nacional.<\/p>\n<p>El director general del\u00a0Cobach, Rodrigo Arturo Rosas Burgos, destac\u00f3 el talento y la creatividad de las y los estudiantes participantes, quienes con ambos proyectos presentan una visi\u00f3n innovadora para el desarrollo cient\u00edfico y tecnol\u00f3gico, lo que llena de orgullo al subsistema.<\/p>\n<p>Eco World Kids es una aplicaci\u00f3n educativa dirigida a ni\u00f1as y ni\u00f1os de seis a 10 a\u00f1os que promueve la conciencia ambiental mediante juegos interactivos sobre reciclaje, reforestaci\u00f3n y uso responsable del agua.<\/p>\n<p>El proyecto \u201cHidropon\u00eda en \u00d3ptimo Crecimiento\u201d sobresale por su aporte a la producci\u00f3n sustentable, la innovaci\u00f3n aplicada al campo y un enfoque cient\u00edfico s\u00f3lido, cualidades que le otorgaron el m\u00e1ximo reconocimiento a nivel estatal.<\/p>\n","protected":false},"excerpt":{"rendered":"<p>Hermosillo, Sonora; 29 de diciembre de 2025.\u2013 Estudiantes de los planteles Obreg\u00f3n tres y San Ignacio R\u00edo Muerto representar\u00e1n al Colegio de Bachilleres del Estado de Sonora (Cobach) en la final nacional de la Feria Mexicana de Ciencias e Ingenier\u00eda (Femeci) 2026, que se realizar\u00e1 del 11 al 13 de marzo en San Carlos, Nuevo [&hellip;]<\/p>\n","protected":false},"author":2,"featured_media":239730,"comment_status":"closed","ping_status":"closed","sticky":false,"template":"","format":"standard","meta":{"footnotes":""},"categories":[178],"tags":[12869],"class_list":["post-239729","post","type-post","status-publish","format-standard","has-post-thumbnail","hentry","category-local","tag-local"],"jetpack_featured_media_url":"https:\/\/rnoticias.com.mx\/Portal\/wp-content\/uploads\/2025\/12\/unnamed-2-24.jpg","amp_enabled":true,"_links":{"self":[{"href":"https:\/\/rnoticias.com.mx\/Portal\/wp-json\/wp\/v2\/posts\/239729","targetHints":{"allow":["GET"]}}],"collection":[{"href":"https:\/\/rnoticias.com.mx\/Portal\/wp-json\/wp\/v2\/posts"}],"about":[{"href":"https:\/\/rnoticias.com.mx\/Portal\/wp-json\/wp\/v2\/types\/post"}],"author":[{"embeddable":true,"href":"https:\/\/rnoticias.com.mx\/Portal\/wp-json\/wp\/v2\/users\/2"}],"replies":[{"embeddable":true,"href":"https:\/\/rnoticias.com.mx\/Portal\/wp-json\/wp\/v2\/comments?post=239729"}],"version-history":[{"count":1,"href":"https:\/\/rnoticias.com.mx\/Portal\/wp-json\/wp\/v2\/posts\/239729\/revisions"}],"predecessor-version":[{"id":239731,"href":"https:\/\/rnoticias.com.mx\/Portal\/wp-json\/wp\/v2\/posts\/239729\/revisions\/239731"}],"wp:featuredmedia":[{"embeddable":true,"href":"https:\/\/rnoticias.com.mx\/Portal\/wp-json\/wp\/v2\/media\/239730"}],"wp:attachment":[{"href":"https:\/\/rnoticias.com.mx\/Portal\/wp-json\/wp\/v2\/media?parent=239729"}],"wp:term":[{"taxonomy":"category","embeddable":true,"href":"https:\/\/rnoticias.com.mx\/Portal\/wp-json\/wp\/v2\/categories?post=239729"},{"taxonomy":"post_tag","embeddable":true,"href":"https:\/\/rnoticias.com.mx\/Portal\/wp-json\/wp\/v2\/tags?post=239729"}],"curies":[{"name":"wp","href":"https:\/\/api.w.org\/{rel}","templated":true}]}}